{"id":3803,"date":"2014-06-24T14:57:21","date_gmt":"2014-06-24T11:57:21","guid":{"rendered":"http:\/\/www.sana.sy\/tr\/?p=3803"},"modified":"2014-06-25T17:06:49","modified_gmt":"2014-06-25T14:06:49","slug":"hain-ve-kiraliklarin-agir-kayiplari-artiyor","status":"publish","type":"post","link":"https:\/\/archive.sana.sy\/tr\/?p=3803","title":{"rendered":"Hain ve Kiral\u0131klar\u0131n A\u011f\u0131r Kay\u0131plar\u0131 Art\u0131yor"},"content":{"rendered":"<p><span style=\"color: #800000\">\u0130LLER \u2013<\/span> Vatan koruyucular\u0131m\u0131z yurdun muhtelif b\u00f6lgelerinde d\u0131\u015f g\u00fc\u00e7lerin destekleri ile ter\u00f6r ve vah\u015fet estiren hain ve tekfirci ter\u00f6r \u00e7etelerine kar\u015f\u0131 ba\u015far\u0131l\u0131 operasyonlar\u0131n\u0131 s\u00fcrd\u00fcr\u00fcrken, say\u0131 ve te\u00e7hizatlar\u0131yla a\u011f\u0131r kay\u0131plara u\u011fratmaya devam ediyor.<\/p>\n<p><span style=\"color: #0000ff\">\u0130dlib K\u0131rsal\u0131nda Toplar\u0131yla \u0130mha Edildiler<\/span><\/p>\n<p>Askeri kaynak ordu birliklerimizin idlib k\u0131rsal\u0131n\u0131n Hac\u0131 Hammud \u00c7iftli\u011fi K\u00f6y\u00fc yak\u0131nlar\u0131nda kendilerine \u2018Ziab el \u011eab (Orman Kurtlar\u0131) T\u00fcmeni\u2019ad\u0131n\u0131 veren ter\u00f6r \u00e7etelerine ait bir karargah\u0131 hedef ald\u0131\u011f\u0131n\u0131 belirtti.<\/p>\n<p>Kaynak operasyonda 9 ter\u00f6ristin \u00f6l\u00fc, \u00e7ok say\u0131da ter\u00f6ristin yaral\u0131 olarak ele ge\u00e7irildiklerini belirtirken, kulland\u0131klar\u0131 bir cehennem topunun da imha edildi\u011fini ifade etti.<\/p>\n<p>Ordu birliklerimizin yine \u0130dlib k\u0131rsal\u0131n\u0131n Meriyan, Mantaf ve Kreyme Tepesinde ter\u00f6ristlerin k\u00fcmelenme yerlerini hedef ald\u0131klar\u0131n\u0131 aktaran kaynak, burada da ter\u00f6ristlerin say\u0131 ve te\u00e7hizatlar\u0131yla kay\u0131plara u\u011frat\u0131ld\u0131klar\u0131n\u0131 s\u00f6yledi.<\/p>\n<p>Ordu birliklerimiz \u0130dlib k\u0131rsal\u0131n\u0131n Ayn el Savda, Beyt el Ras K\u00f6pr\u00fcs\u00fc, Heyla, Muterem\u2019in kuzeyi, Neyreb ve Bselya Kav\u015fa\u011f\u0131 b\u00f6lgelerinde ter\u00f6ristlerin k\u00fcmelenme yerlerini hedef alarak \u00e7ok say\u0131da ter\u00f6risti su\u00e7 edatlar\u0131 ve ara\u00e7lar\u0131yla hedef ald\u0131.<\/p>\n<p><span style=\"color: #0000ff\">Halep ve K\u0131rsal\u0131nda Operasyonlar Ba\u015far\u0131yla Devam Ediyor<\/span><\/p>\n<p>Askeri kaynak ordu birliklerimizin Halep ve k\u0131rsal\u0131nda operasyonlar\u0131n\u0131 ba\u015far\u0131yla s\u00fcrd\u00fcrd\u00fcklerini belirtirken; Halep kentinin eski semtleri, Beni Zeyd, Plas, Hanano, Cendul, handerat, Uveyca, Breyc, Kefar Hamra, Vudayhi\u2019nin g\u00fcneyi, Enzarat, marei, Cbin Tepesi, Azzan, Hreytan, Abtiyn, Meryemeyn ve Leyramun b\u00f6lgelerinde \u00e7ok say\u0131da ter\u00f6r yuvas\u0131n\u0131 muhtevalar\u0131yla tahrip etti\u011fini ifade etti.<\/p>\n<p>Kaynak operasyonlarda aralar\u0131nda \u00e7ok say\u0131da yabanc\u0131n\u0131n bulundu\u011fu onlarca ter\u00f6ristin \u00f6l\u00fc yaral\u0131 d\u00fc\u015ft\u00fc\u011f\u00fcn\u00fc, kulland\u0131klar\u0131 ara\u00e7 ve cephanenin de tahrip edildi\u011fini belirtti.<\/p>\n<p><span style=\"color: #0000ff\">Homs K\u0131rsal\u0131nda Yuvalar\u0131 \u0130mha Edildi<\/span><\/p>\n<p>Askeri birliklerimiz Homs k\u0131rsal\u0131n\u0131n Kiysin, \u0130zzettin, Um \u015ear\u015fuh civar\u0131, Ebu el Senasil Tepesi, T\u0131yba, Huvla ve Savvana b\u00f6lgelerinde ter\u00f6ristlerin k\u00fcmelenme yerleri ve karargahlar\u0131n\u0131 hedef ald\u0131.\u00a0Operasyonlarda \u00e7ok say\u0131da ter\u00f6rist su\u00e7 edatlar\u0131yla birlikte etkisiz hale getirildi.<\/p>\n<p>Homs k\u0131rsal\u0131n\u0131n Resten ve Ink el Hava b\u00f6lgelerine ilaveten Telbise y\u00f6n\u00fcnde Deyr Fuvl B\u00f6lgesinde ter\u00f6r gruplar\u0131n\u0131n k\u00fcmelenme yerlerini direk isabetlerle hedef alan ordu birliklerimiz \u00e7ok say\u0131da ter\u00f6risti \u00f6l\u00fc yaral\u0131 d\u00fc\u015f\u00fcrd\u00fc.<\/p>\n","protected":false},"excerpt":{"rendered":"<p>\u0130LLER \u2013 Vatan koruyucular\u0131m\u0131z yurdun muhtelif b\u00f6lgelerinde d\u0131\u015f g\u00fc\u00e7lerin destekleri ile ter\u00f6r ve vah\u015fet estiren hain ve tekfirci ter\u00f6r \u00e7etelerine kar\u015f\u0131 ba\u015far\u0131l\u0131 operasyonlar\u0131n\u0131 s\u00fcrd\u00fcr\u00fcrken, say\u0131 ve te\u00e7hizatlar\u0131yla a\u011f\u0131r kay\u0131plara u\u011fratmaya devam ediyor. \u0130dlib K\u0131rsal\u0131nda Toplar\u0131yla \u0130mha Edildiler Askeri kaynak ordu birliklerimizin idlib k\u0131rsal\u0131n\u0131n Hac\u0131 Hammud \u00c7iftli\u011fi K\u00f6y\u00fc yak\u0131nlar\u0131nda kendilerine \u2018Ziab el \u011eab (Orman Kurtlar\u0131) T\u00fcmeni\u2019ad\u0131n\u0131 &hellip;<\/p>\n","protected":false},"author":1,"featured_media":3804,"comment_status":"closed","ping_status":"closed","sticky":false,"template":"","format":"standard","meta":{"footnotes":""},"categories":[479,575,478],"tags":[832],"class_list":["post-3803","post","type-post","status-publish","format-standard","has-post-thumbnail","","category-haberler-yerel","category-olaylar-ve-gercekler","category-yerel","tag-hain-ve-kiraliklarin-agir-kayiplari-artiyor"],"_links":{"self":[{"href":"https:\/\/archive.sana.sy\/tr\/index.php?rest_route=\/wp\/v2\/posts\/3803","targetHints":{"allow":["GET"]}}],"collection":[{"href":"https:\/\/archive.sana.sy\/tr\/index.php?rest_route=\/wp\/v2\/posts"}],"about":[{"href":"https:\/\/archive.sana.sy\/tr\/index.php?rest_route=\/wp\/v2\/types\/post"}],"author":[{"embeddable":true,"href":"https:\/\/archive.sana.sy\/tr\/index.php?rest_route=\/wp\/v2\/users\/1"}],"replies":[{"embeddable":true,"href":"https:\/\/archive.sana.sy\/tr\/index.php?rest_route=%2Fwp%2Fv2%2Fcomments&post=3803"}],"version-history":[{"count":0,"href":"https:\/\/archive.sana.sy\/tr\/index.php?rest_route=\/wp\/v2\/posts\/3803\/revisions"}],"wp:featuredmedia":[{"embeddable":true,"href":"https:\/\/archive.sana.sy\/tr\/index.php?rest_route=\/wp\/v2\/media\/3804"}],"wp:attachment":[{"href":"https:\/\/archive.sana.sy\/tr\/index.php?rest_route=%2Fwp%2Fv2%2Fmedia&parent=3803"}],"wp:term":[{"taxonomy":"category","embeddable":true,"href":"https:\/\/archive.sana.sy\/tr\/index.php?rest_route=%2Fwp%2Fv2%2Fcategories&post=3803"},{"taxonomy":"post_tag","embeddable":true,"href":"https:\/\/archive.sana.sy\/tr\/index.php?rest_route=%2Fwp%2Fv2%2Ftags&post=3803"}],"curies":[{"name":"wp","href":"https:\/\/api.w.org\/{rel}","templated":true}]}}