{"id":38051,"date":"2015-06-24T12:35:07","date_gmt":"2015-06-24T09:35:07","guid":{"rendered":"http:\/\/sana.sy\/tr\/?p=38051"},"modified":"2015-06-24T12:35:07","modified_gmt":"2015-06-24T09:35:07","slug":"askeri-kaynak-sanaya-ordu-birliklerimizin-suveyda-kuzeydogu-kirsali-el-kasr-koyunde-isid-orgutu-teroristlerine-ait-arac-ve-yuvalari-imha-ettiklerini-soyledi","status":"publish","type":"post","link":"https:\/\/archive.sana.sy\/tr\/?p=38051","title":{"rendered":"Askeri kaynak SANA\u2019ya, ordu birliklerimizin S\u00fcveyda kuzeydo\u011fu k\u0131rsal\u0131 el Kasr K\u00f6y\u00fcnde I\u015e\u0130D \u00f6rg\u00fct\u00fc ter\u00f6ristlerine ait ara\u00e7 ve yuvalar\u0131 imha ettiklerini s\u00f6yledi."},"content":{"rendered":"<p>Askeri kaynak SANA\u2019ya, ordu birliklerimizin S\u00fcveyda kuzeydo\u011fu k\u0131rsal\u0131 el Kasr K\u00f6y\u00fcnde I\u015e\u0130D \u00f6rg\u00fct\u00fc ter\u00f6ristlerine ait ara\u00e7 ve yuvalar\u0131 imha ettiklerini s\u00f6yledi.<\/p>\n","protected":false},"excerpt":{"rendered":"<p>Askeri kaynak SANA\u2019ya, ordu birliklerimizin S\u00fcveyda kuzeydo\u011fu k\u0131rsal\u0131 el Kasr K\u00f6y\u00fcnde I\u015e\u0130D \u00f6rg\u00fct\u00fc ter\u00f6ristlerine ait ara\u00e7 ve yuvalar\u0131 imha ettiklerini s\u00f6yledi.<\/p>\n","protected":false},"author":1,"featured_media":0,"comment_status":"closed","ping_status":"closed","sticky":false,"template":"","format":"standard","meta":{"footnotes":""},"categories":[1],"tags":[13575,15389],"class_list":["post-38051","post","type-post","status-publish","format-standard","","category-news-not-sorted","tag-askeri-kaynak-sanaya","tag-ordu-birliklerimizin-suveyda-kuzeydogu-kirsali-el-kasr-koyunde-isid-orgutu-teroristlerine-ait-arac-ve-yuvalari-imha-ettiklerini-soyledi"],"_links":{"self":[{"href":"https:\/\/archive.sana.sy\/tr\/index.php?rest_route=\/wp\/v2\/posts\/38051","targetHints":{"allow":["GET"]}}],"collection":[{"href":"https:\/\/archive.sana.sy\/tr\/index.php?rest_route=\/wp\/v2\/posts"}],"about":[{"href":"https:\/\/archive.sana.sy\/tr\/index.php?rest_route=\/wp\/v2\/types\/post"}],"author":[{"embeddable":true,"href":"https:\/\/archive.sana.sy\/tr\/index.php?rest_route=\/wp\/v2\/users\/1"}],"replies":[{"embeddable":true,"href":"https:\/\/archive.sana.sy\/tr\/index.php?rest_route=%2Fwp%2Fv2%2Fcomments&post=38051"}],"version-history":[{"count":0,"href":"https:\/\/archive.sana.sy\/tr\/index.php?rest_route=\/wp\/v2\/posts\/38051\/revisions"}],"wp:attachment":[{"href":"https:\/\/archive.sana.sy\/tr\/index.php?rest_route=%2Fwp%2Fv2%2Fmedia&parent=38051"}],"wp:term":[{"taxonomy":"category","embeddable":true,"href":"https:\/\/archive.sana.sy\/tr\/index.php?rest_route=%2Fwp%2Fv2%2Fcategories&post=38051"},{"taxonomy":"post_tag","embeddable":true,"href":"https:\/\/archive.sana.sy\/tr\/index.php?rest_route=%2Fwp%2Fv2%2Ftags&post=38051"}],"curies":[{"name":"wp","href":"https:\/\/api.w.org\/{rel}","templated":true}]}}