{"id":38052,"date":"2015-06-24T12:37:26","date_gmt":"2015-06-24T09:37:26","guid":{"rendered":"http:\/\/sana.sy\/tr\/?p=38052"},"modified":"2015-06-24T12:37:26","modified_gmt":"2015-06-24T09:37:26","slug":"suriye-iran-irak-3lu-toplantisi-isbirligi-duzeyine-varmada-nitelikli-gelisme-sayiliyor","status":"publish","type":"post","link":"https:\/\/archive.sana.sy\/tr\/?p=38052","title":{"rendered":"Suriye, \u0130ran, Irak 3\u2019l\u00fc Toplant\u0131s\u0131 \u0130\u015fbirli\u011fi D\u00fczeyine Varmada Nitelikli Geli\u015fme Say\u0131l\u0131yor"},"content":{"rendered":"<p>TAHRAN \u2013 \u0130ran D\u0131\u015fi\u015fleri Bakanl\u0131\u011f\u0131 S\u00f6zc\u00fcs\u00fc Murdiyye Efham, Suriye ve \u0130ran aras\u0131nda i\u015fbirli\u011fi y\u00fcr\u00fcy\u00fc\u015f\u00fcn\u00fcn peki\u015ftirilmesi ve geli\u015ftirilmesi i\u00e7in eldeki imkanlardan faydalan\u0131lmas\u0131 mekanizmalar\u0131n\u0131n varl\u0131\u011f\u0131n\u0131 belirtti.<\/p>\n<p>Efham haftal\u0131k bas\u0131n toplant\u0131s\u0131nda, \u0130\u00e7i\u015fleri Bakan\u0131 Muhammed \u0130brahim \u015eaar\u2019\u0131n \u0130ran ziyareti ve\u00a0 devrim lideri uluslararas\u0131 m\u00fcste\u015far\u0131 Ali Ekber Velayeti\u2019nin, gelecek haftan\u0131n \u0130ran,Suriye ve Irak aras\u0131nda \u00f6nemli geli\u015fmelere tan\u0131k olaca\u011f\u0131 y\u00f6n\u00fcndeki a\u00e7\u0131klamalar\u0131na dikkat \u00e7ekerek, s\u00f6z konusu 3 \u00fclke i\u00e7i\u015fleri bakanlar\u0131n\u0131n yak\u0131nda Ba\u011fdat\u2019ta d\u00fczenleyecekleri 3\u2019l\u00fc toplant\u0131n\u0131n \u00f6nemini vurgulad\u0131.<\/p>\n<p>Efham, s\u00f6z konusu toplant\u0131n\u0131n\u00a0 \u00f6zellikle ter\u00f6r ve tekfiri \u00f6rg\u00fctlerle m\u00fccadele ba\u015fata olmak \u00fczere 3 \u00fclke aras\u0131ndaki ili\u015fkiler d\u00fczeyinde, nitelikli bir geli\u015fme ad\u0131m\u0131 say\u0131ld\u0131\u011f\u0131n\u0131, b\u00f6lgede g\u00fcven ve istikrara hizmet edecek \u015fekilde var olan problem ve engebelerin \u00e7\u00f6z\u00fcm\u00fc i\u00e7in diyalog, i\u015fbirli\u011fi ve yararlanma f\u0131rsatlar\u0131 verdi\u011fini s\u00f6yledi.<\/p>\n<p>S.\u015e. &#8211; R.H.<\/p>\n","protected":false},"excerpt":{"rendered":"<p>TAHRAN \u2013 \u0130ran D\u0131\u015fi\u015fleri Bakanl\u0131\u011f\u0131 S\u00f6zc\u00fcs\u00fc Murdiyye Efham, Suriye ve \u0130ran aras\u0131nda i\u015fbirli\u011fi y\u00fcr\u00fcy\u00fc\u015f\u00fcn\u00fcn peki\u015ftirilmesi ve geli\u015ftirilmesi i\u00e7in eldeki imkanlardan faydalan\u0131lmas\u0131 mekanizmalar\u0131n\u0131n varl\u0131\u011f\u0131n\u0131 belirtti. Efham haftal\u0131k bas\u0131n toplant\u0131s\u0131nda, \u0130\u00e7i\u015fleri Bakan\u0131 Muhammed \u0130brahim \u015eaar\u2019\u0131n \u0130ran ziyareti ve\u00a0 devrim lideri uluslararas\u0131 m\u00fcste\u015far\u0131 Ali Ekber Velayeti\u2019nin, gelecek haftan\u0131n \u0130ran,Suriye ve Irak aras\u0131nda \u00f6nemli geli\u015fmelere tan\u0131k olaca\u011f\u0131 y\u00f6n\u00fcndeki a\u00e7\u0131klamalar\u0131na &hellip;<\/p>\n","protected":false},"author":1,"featured_media":28006,"comment_status":"closed","ping_status":"closed","sticky":false,"template":"","format":"standard","meta":{"footnotes":""},"categories":[458,459,447],"tags":[15390,3915,16591,15391],"class_list":["post-38052","post","type-post","status-publish","format-standard","has-post-thumbnail","","category-dunya1","category-haberler-arap-uluslararasi-politika","category-politika","tag-irak-3lu-toplantisi-isbirligi-duzeyine-varmada-nitelikli-gelisme-sayiliyor-tahran-iran-disisleri-bakanligi-sozcusu-murdiyye-efham","tag-iran","tag-suriye","tag-suriye-ve-iran-arasinda-isbirligi-yuruyusunun-pekistirilmesi-ve-gelistirilmesi-icin-eldeki-imkanlardan-faydalanilmasi-mekanizmalarinin-varligini-belirtti"],"_links":{"self":[{"href":"https:\/\/archive.sana.sy\/tr\/index.php?rest_route=\/wp\/v2\/posts\/38052","targetHints":{"allow":["GET"]}}],"collection":[{"href":"https:\/\/archive.sana.sy\/tr\/index.php?rest_route=\/wp\/v2\/posts"}],"about":[{"href":"https:\/\/archive.sana.sy\/tr\/index.php?rest_route=\/wp\/v2\/types\/post"}],"author":[{"embeddable":true,"href":"https:\/\/archive.sana.sy\/tr\/index.php?rest_route=\/wp\/v2\/users\/1"}],"replies":[{"embeddable":true,"href":"https:\/\/archive.sana.sy\/tr\/index.php?rest_route=%2Fwp%2Fv2%2Fcomments&post=38052"}],"version-history":[{"count":0,"href":"https:\/\/archive.sana.sy\/tr\/index.php?rest_route=\/wp\/v2\/posts\/38052\/revisions"}],"wp:featuredmedia":[{"embeddable":true,"href":"https:\/\/archive.sana.sy\/tr\/index.php?rest_route=\/wp\/v2\/media\/28006"}],"wp:attachment":[{"href":"https:\/\/archive.sana.sy\/tr\/index.php?rest_route=%2Fwp%2Fv2%2Fmedia&parent=38052"}],"wp:term":[{"taxonomy":"category","embeddable":true,"href":"https:\/\/archive.sana.sy\/tr\/index.php?rest_route=%2Fwp%2Fv2%2Fcategories&post=38052"},{"taxonomy":"post_tag","embeddable":true,"href":"https:\/\/archive.sana.sy\/tr\/index.php?rest_route=%2Fwp%2Fv2%2Ftags&post=38052"}],"curies":[{"name":"wp","href":"https:\/\/api.w.org\/{rel}","templated":true}]}}