{"id":38054,"date":"2015-06-24T12:44:16","date_gmt":"2015-06-24T09:44:16","guid":{"rendered":"http:\/\/sana.sy\/tr\/?p=38054"},"modified":"2015-06-24T12:44:16","modified_gmt":"2015-06-24T09:44:16","slug":"askeri-kaynak-sanaya-ordu-birliklerimizin-dera-garez-el-vafidin-kampi-yolu-uzerinde-tekfiri-teror-orgutlerine-ait-araclar-imha-ettiklerini-soyledi","status":"publish","type":"post","link":"https:\/\/archive.sana.sy\/tr\/?p=38054","title":{"rendered":"Askeri kaynak SANA\u2019ya ordu birliklerimizin Dera Garez-El Vafidin Kamp\u0131 yolu \u00fczerinde tekfiri ter\u00f6r \u00f6rg\u00fctlerine ait ara\u00e7lar imha ettiklerini s\u00f6yledi."},"content":{"rendered":"<p>Askeri kaynak SANA\u2019ya ordu birliklerimizin Dera Garez-El Vafidin Kamp\u0131 yolu \u00fczerinde tekfiri ter\u00f6r \u00f6rg\u00fctlerine ait ara\u00e7lar imha ettiklerini s\u00f6yledi.<\/p>\n<p>&nbsp;<\/p>\n","protected":false},"excerpt":{"rendered":"<p>Askeri kaynak SANA\u2019ya ordu birliklerimizin Dera Garez-El Vafidin Kamp\u0131 yolu \u00fczerinde tekfiri ter\u00f6r \u00f6rg\u00fctlerine ait ara\u00e7lar imha ettiklerini s\u00f6yledi. &nbsp;<\/p>\n","protected":false},"author":1,"featured_media":0,"comment_status":"closed","ping_status":"closed","sticky":false,"template":"","format":"standard","meta":{"footnotes":""},"categories":[1],"tags":[15392],"class_list":["post-38054","post","type-post","status-publish","format-standard","","category-news-not-sorted","tag-askeri-kaynak-sanaya-ordu-birliklerimizin-dera-garez-el-vafidin-kampi-yolu-uzerinde-tekfiri-teror-orgutlerine-ait-araclar-imha-ettiklerini-soyledi"],"_links":{"self":[{"href":"https:\/\/archive.sana.sy\/tr\/index.php?rest_route=\/wp\/v2\/posts\/38054","targetHints":{"allow":["GET"]}}],"collection":[{"href":"https:\/\/archive.sana.sy\/tr\/index.php?rest_route=\/wp\/v2\/posts"}],"about":[{"href":"https:\/\/archive.sana.sy\/tr\/index.php?rest_route=\/wp\/v2\/types\/post"}],"author":[{"embeddable":true,"href":"https:\/\/archive.sana.sy\/tr\/index.php?rest_route=\/wp\/v2\/users\/1"}],"replies":[{"embeddable":true,"href":"https:\/\/archive.sana.sy\/tr\/index.php?rest_route=%2Fwp%2Fv2%2Fcomments&post=38054"}],"version-history":[{"count":0,"href":"https:\/\/archive.sana.sy\/tr\/index.php?rest_route=\/wp\/v2\/posts\/38054\/revisions"}],"wp:attachment":[{"href":"https:\/\/archive.sana.sy\/tr\/index.php?rest_route=%2Fwp%2Fv2%2Fmedia&parent=38054"}],"wp:term":[{"taxonomy":"category","embeddable":true,"href":"https:\/\/archive.sana.sy\/tr\/index.php?rest_route=%2Fwp%2Fv2%2Fcategories&post=38054"},{"taxonomy":"post_tag","embeddable":true,"href":"https:\/\/archive.sana.sy\/tr\/index.php?rest_route=%2Fwp%2Fv2%2Ftags&post=38054"}],"curies":[{"name":"wp","href":"https:\/\/api.w.org\/{rel}","templated":true}]}}