{"id":38060,"date":"2015-06-24T13:20:06","date_gmt":"2015-06-24T10:20:06","guid":{"rendered":"http:\/\/sana.sy\/tr\/?p=38060"},"modified":"2015-06-24T13:20:06","modified_gmt":"2015-06-24T10:20:06","slug":"askeri-kaynak-sanaya-savas-ucaklarimizin-mreiye-ve-albuomarda-isid-teror-orgutune-ait-yuvalarina-yonelik-duzenledigi-bombardimanlar-sonucunda-silah-ve-cephanelerini-imha-ed","status":"publish","type":"post","link":"https:\/\/archive.sana.sy\/tr\/?p=38060","title":{"rendered":"Askeri kaynak SANA\u2019ya, sava\u015f u\u00e7aklar\u0131m\u0131z\u0131n Mre\u2019iye ve Albuomar\u2019da I\u015e\u0130D ter\u00f6r \u00f6rg\u00fct\u00fcne ait yuvalar\u0131na y\u00f6nelik d\u00fczenledi\u011fi bombard\u0131manlar sonucunda silah ve cephanelerini imha ederken \u00e7ok say\u0131da I\u015e\u0130D ter\u00f6ristini \u00f6ld\u00fcrd\u00fc\u011f\u00fcn\u00fc ifade eti."},"content":{"rendered":"<p>Askeri kaynak SANA\u2019ya, sava\u015f u\u00e7aklar\u0131m\u0131z\u0131n Mre\u2019iye ve Albuomar\u2019da I\u015e\u0130D ter\u00f6r \u00f6rg\u00fct\u00fcne ait yuvalar\u0131na y\u00f6nelik d\u00fczenledi\u011fi bombard\u0131manlar sonucunda silah ve cephanelerini imha ederken \u00e7ok say\u0131da I\u015e\u0130D ter\u00f6ristini \u00f6ld\u00fcrd\u00fc\u011f\u00fcn\u00fc ifade eti.<\/p>\n","protected":false},"excerpt":{"rendered":"<p>Askeri kaynak SANA\u2019ya, sava\u015f u\u00e7aklar\u0131m\u0131z\u0131n Mre\u2019iye ve Albuomar\u2019da I\u015e\u0130D ter\u00f6r \u00f6rg\u00fct\u00fcne ait yuvalar\u0131na y\u00f6nelik d\u00fczenledi\u011fi bombard\u0131manlar sonucunda silah ve cephanelerini imha ederken \u00e7ok say\u0131da I\u015e\u0130D ter\u00f6ristini \u00f6ld\u00fcrd\u00fc\u011f\u00fcn\u00fc ifade eti.<\/p>\n","protected":false},"author":1,"featured_media":0,"comment_status":"closed","ping_status":"closed","sticky":false,"template":"","format":"standard","meta":{"footnotes":""},"categories":[1],"tags":[],"class_list":["post-38060","post","type-post","status-publish","format-standard","","category-news-not-sorted"],"_links":{"self":[{"href":"https:\/\/archive.sana.sy\/tr\/index.php?rest_route=\/wp\/v2\/posts\/38060","targetHints":{"allow":["GET"]}}],"collection":[{"href":"https:\/\/archive.sana.sy\/tr\/index.php?rest_route=\/wp\/v2\/posts"}],"about":[{"href":"https:\/\/archive.sana.sy\/tr\/index.php?rest_route=\/wp\/v2\/types\/post"}],"author":[{"embeddable":true,"href":"https:\/\/archive.sana.sy\/tr\/index.php?rest_route=\/wp\/v2\/users\/1"}],"replies":[{"embeddable":true,"href":"https:\/\/archive.sana.sy\/tr\/index.php?rest_route=%2Fwp%2Fv2%2Fcomments&post=38060"}],"version-history":[{"count":0,"href":"https:\/\/archive.sana.sy\/tr\/index.php?rest_route=\/wp\/v2\/posts\/38060\/revisions"}],"wp:attachment":[{"href":"https:\/\/archive.sana.sy\/tr\/index.php?rest_route=%2Fwp%2Fv2%2Fmedia&parent=38060"}],"wp:term":[{"taxonomy":"category","embeddable":true,"href":"https:\/\/archive.sana.sy\/tr\/index.php?rest_route=%2Fwp%2Fv2%2Fcategories&post=38060"},{"taxonomy":"post_tag","embeddable":true,"href":"https:\/\/archive.sana.sy\/tr\/index.php?rest_route=%2Fwp%2Fv2%2Ftags&post=38060"}],"curies":[{"name":"wp","href":"https:\/\/api.w.org\/{rel}","templated":true}]}}