{"id":38069,"date":"2015-06-24T15:31:21","date_gmt":"2015-06-24T12:31:21","guid":{"rendered":"http:\/\/sana.sy\/tr\/?p=38069"},"modified":"2015-06-24T15:33:55","modified_gmt":"2015-06-24T12:33:55","slug":"venedik-komisyonu-iside-silah-tasiyan-tirlar-sorusturmasini-da-durdurdu","status":"publish","type":"post","link":"https:\/\/archive.sana.sy\/tr\/?p=38069","title":{"rendered":"Venedik Komisyonu: I\u015e\u0130D\u2019e Silah Ta\u015f\u0131yan T\u0131rlar Soru\u015fturmas\u0131n\u0131 da Durdurdu"},"content":{"rendered":"<p>\u0130STANBUL \u2013 Avrupa Hukuk Yoluyla Demokrasi Komisyonu Venedik; T\u00fcrkiye&#8217;de Recep Tayyib Erdo\u011fan y\u00f6netiminde \u00fclke genelinde \u00f6zellikle bas\u0131n ve yarg\u0131 alan\u0131nda t\u0131rmanan ihlalleri \u015fiddetle ele\u015ftirirken; T\u00fcrkiye&#8217;de yarg\u0131n\u0131n ba\u011f\u0131ms\u0131zl\u0131\u011f\u0131n\u0131 kaybetti\u011fini ifade etti.<\/p>\n<p>Avrupa Konseyine anayasa konular\u0131nda dan\u0131\u015fmanl\u0131k misyonu \u00fcstlenen Venedik Komisyonu deklarasyonunda T\u00fcrkiye&#8217;de H\u00e2kimler ve Savc\u0131lar Y\u00fcksek Kurulu kararlar\u0131n\u0131 mercek alt\u0131na ald\u0131\u011f\u0131n\u0131 ve yak\u0131ndan izledi\u011fini kaydetti. Komisyon bulundu\u011fu inceleme ve ara\u015ft\u0131rmalar sonucunda T\u00fcrkiye&#8217;de yarg\u0131n\u0131n ba\u011f\u0131ms\u0131zl\u0131\u011f\u0131n\u0131n temel garant\u00f6rlerini kaybetti\u011fini g\u00f6rd\u00fc\u011f\u00fcne dikkat \u00e7ekti.<\/p>\n<p>Erdo\u011fan rejiminin T\u00fcrkiye&#8217;de savc\u0131, yarg\u0131\u00e7 ve gazetecilere bask\u0131 ve tutuklamalar\u0131na \u0131\u015f\u0131k tutan Venedik Komisyonu; Erdo\u011fan\u2019a tabi yarg\u0131 sisteminin net ve bariz bir \u015fekilde yolsuzluk ve r\u00fc\u015fvet bula\u015ft\u0131\u011f\u0131n\u0131n alt\u0131n\u0131 \u00e7izdi. Komisyon ayn\u0131 zamanda Erdo\u011fan yarg\u0131s\u0131n\u0131n Suriye&#8217;de I\u015e\u0130D \u00d6rg\u00fct\u00fcne giden cephane ve askeri te\u00e7hizat TIR\u2019lar\u0131yla ilgili soru\u015fturmay\u0131 da engellediklerine dikkat \u00e7ekti.<\/p>\n<p>A.A. &#8211; M.M.<\/p>\n","protected":false},"excerpt":{"rendered":"<p>\u0130STANBUL \u2013 Avrupa Hukuk Yoluyla Demokrasi Komisyonu Venedik; T\u00fcrkiye&#8217;de Recep Tayyib Erdo\u011fan y\u00f6netiminde \u00fclke genelinde \u00f6zellikle bas\u0131n ve yarg\u0131 alan\u0131nda t\u0131rmanan ihlalleri \u015fiddetle ele\u015ftirirken; T\u00fcrkiye&#8217;de yarg\u0131n\u0131n ba\u011f\u0131ms\u0131zl\u0131\u011f\u0131n\u0131 kaybetti\u011fini ifade etti. Avrupa Konseyine anayasa konular\u0131nda dan\u0131\u015fmanl\u0131k misyonu \u00fcstlenen Venedik Komisyonu deklarasyonunda T\u00fcrkiye&#8217;de H\u00e2kimler ve Savc\u0131lar Y\u00fcksek Kurulu kararlar\u0131n\u0131 mercek alt\u0131na ald\u0131\u011f\u0131n\u0131 ve yak\u0131ndan izledi\u011fini kaydetti. Komisyon &hellip;<\/p>\n","protected":false},"author":1,"featured_media":38071,"comment_status":"closed","ping_status":"closed","sticky":false,"template":"","format":"standard","meta":{"footnotes":""},"categories":[458,459,447,2554,2555],"tags":[15394],"class_list":["post-38069","post","type-post","status-publish","format-standard","has-post-thumbnail","","category-dunya1","category-haberler-arap-uluslararasi-politika","category-politika","category-suriye-ve-dunya","category-suriye-ve-turkiye","tag-venedik-komisyonu-iside-silah-tasiyan-tirlar-sorusturmasini-da-durdurdu"],"_links":{"self":[{"href":"https:\/\/archive.sana.sy\/tr\/index.php?rest_route=\/wp\/v2\/posts\/38069","targetHints":{"allow":["GET"]}}],"collection":[{"href":"https:\/\/archive.sana.sy\/tr\/index.php?rest_route=\/wp\/v2\/posts"}],"about":[{"href":"https:\/\/archive.sana.sy\/tr\/index.php?rest_route=\/wp\/v2\/types\/post"}],"author":[{"embeddable":true,"href":"https:\/\/archive.sana.sy\/tr\/index.php?rest_route=\/wp\/v2\/users\/1"}],"replies":[{"embeddable":true,"href":"https:\/\/archive.sana.sy\/tr\/index.php?rest_route=%2Fwp%2Fv2%2Fcomments&post=38069"}],"version-history":[{"count":0,"href":"https:\/\/archive.sana.sy\/tr\/index.php?rest_route=\/wp\/v2\/posts\/38069\/revisions"}],"wp:featuredmedia":[{"embeddable":true,"href":"https:\/\/archive.sana.sy\/tr\/index.php?rest_route=\/wp\/v2\/media\/38071"}],"wp:attachment":[{"href":"https:\/\/archive.sana.sy\/tr\/index.php?rest_route=%2Fwp%2Fv2%2Fmedia&parent=38069"}],"wp:term":[{"taxonomy":"category","embeddable":true,"href":"https:\/\/archive.sana.sy\/tr\/index.php?rest_route=%2Fwp%2Fv2%2Fcategories&post=38069"},{"taxonomy":"post_tag","embeddable":true,"href":"https:\/\/archive.sana.sy\/tr\/index.php?rest_route=%2Fwp%2Fv2%2Ftags&post=38069"}],"curies":[{"name":"wp","href":"https:\/\/api.w.org\/{rel}","templated":true}]}}