{"id":38090,"date":"2015-06-24T16:39:55","date_gmt":"2015-06-24T13:39:55","guid":{"rendered":"http:\/\/sana.sy\/tr\/?p=38090"},"modified":"2015-06-24T16:42:16","modified_gmt":"2015-06-24T13:42:16","slug":"ihvanci-erdogan-rejimi-teroristlere-uyusturucu-da-gonderiyordu","status":"publish","type":"post","link":"https:\/\/archive.sana.sy\/tr\/?p=38090","title":{"rendered":"\u0130hvanc\u0131 Erdo\u011fan Rejimi Ter\u00f6ristlere Uyu\u015fturucu da G\u00f6nderiyordu"},"content":{"rendered":"<p>ANKARA \u2013 T\u00fcrkiye&#8217;de \u0130slam \u00f6rt\u00fcs\u00fc arkas\u0131nda saklanan ihvanc\u0131 Erdo\u011fan rejiminin Suriye&#8217;de I\u015e\u0130D ter\u00f6ristlerine sadece silah ve cephane de\u011fil, ayn\u0131 zamanda uyu\u015fturucu da g\u00f6nderdi\u011fi ortaya \u00e7\u0131kt\u0131.<\/p>\n<p>T\u00fcrkiye&#8217;de Cumhuriyet Gazetesinin 19 Ocak 2014\u2019te Adana\u2019n\u0131n Ceyhan il\u00e7esinde durdurulan silah ve m\u00fchimmat y\u00fckl\u00fc M\u0130T TIR\u2019lar\u0131 g\u00f6r\u00fcnt\u00fclerinde ortaya \u00e7\u0131kan \u015f\u00fcpheli po\u015fetler i\u00e7inde para, alt\u0131n ve uyu\u015fturucunun bulundu\u011fu bildirildi.<\/p>\n<p>Sol Haber web sitesinin aktard\u0131\u011f\u0131 haberde Gazeteci Fatih Ya\u011fmur, TIR\u2019larla ilgili Adana Jandarma Komutanl\u0131\u011f\u0131\u2019na ihbarda bulunan Uzman \u00c7avu\u015f G.M.\u2019nin s\u00f6zlerine dayand\u0131rd\u0131\u011f\u0131 haberinde; soru\u015fturma s\u00fcrecinde 3 TIR\u2019da g\u00f6rev alan M\u0130T personelinin 29 ki\u015filik uyu\u015fturucu ka\u00e7ak\u00e7\u0131l\u0131\u011f\u0131 dosyas\u0131nda ad\u0131 ge\u00e7en 7 ki\u015fi oldu\u011funun a\u00e7\u0131\u011fa \u00e7\u0131kt\u0131\u011f\u0131n\u0131 hat\u0131rlatt\u0131.<\/p>\n<p>\u0130hbar\u0131n arka plan\u0131na ili\u015fkin Uzman \u00c7avu\u015f G.M.\u2019nin beyanlar\u0131n\u0131 aktaran Ya\u011fmur, haberine \u015f\u00f6yle devam etti:<\/p>\n<p>\u201cPatlay\u0131c\u0131 y\u00fckl\u00fc TIR\u2019larda g\u00f6rev alan M\u0130T personeli, M\u0130T taraf\u0131ndan g\u00f6nderilen yaz\u0131ya g\u00f6re ayn\u0131 zamanda Ankara Jandarma \u0130stihbarat taraf\u0131ndan uyu\u015fturucu ka\u00e7ak\u00e7\u0131l\u0131\u011f\u0131 yapt\u0131klar\u0131 \u015f\u00fcphesiyle dinlemeye al\u0131nan 29 ki\u015fi i\u00e7erisinde yer al\u0131yor. 19 Ocak 2014 tarihinde durdurulan TIR\u2019lara, i\u00e7erisinde M\u0130T personelinin bulundu\u011fu AUD\u0130 marka bir ara\u00e7 refakat ediyordu. Cumhuriyet Gazetesi, arama s\u0131ras\u0131nda g\u00fcvenlik g\u00fc\u00e7lerince \u00e7ekilmi\u015f g\u00f6r\u00fcnt\u00fcleri yay\u0131nlam\u0131\u015ft\u0131. Bu g\u00f6r\u00fcnt\u00fclerde de M\u0130T personelinin bulundu\u011fu arac\u0131n bagaj\u0131nda siyah, b\u00fcy\u00fck bir po\u015fet oldu\u011fu g\u00f6r\u00fcl\u00fcyor. G\u00f6r\u00fcnt\u00fclerde, askerler \u201ctoz, eldiven getir\u201d diye sesleniyor birbirine. G\u00f6r\u00fcnt\u00fcdeki bu detay\u0131 sordu\u011fumuz kaynaklar, siyah torba i\u00e7erisinde yer alan tozun, uyu\u015fturucu madde oldu\u011funu iddia ediyor. Yine ayn\u0131 kaynaklar, TIR\u2019larda yapt\u0131klar\u0131 aramalarda, \u00f6nce ila\u00e7 kutular\u0131n\u0131 g\u00f6rd\u00fcklerini ifade ediyor. \u0130la\u00e7 kutular\u0131n\u0131n alt\u0131nda, silah ve m\u00fchimmat g\u00f6rd\u00fcklerini, silah ve m\u00fchimmat\u0131n alt\u0131nda ise para ve alt\u0131n g\u00f6rd\u00fcklerini ifade ediyor. Soru\u015fturma dosyas\u0131na giren g\u00f6r\u00fcnt\u00fclerin de\u015fifresinde de i\u00e7erisinde para oldu\u011fu iddia edilen \u00e7uvallara yer veriliyor. G\u00f6r\u00fcnt\u00fclerin de\u015fifresinde bir asker, &#8220;Ba\u015fsavc\u0131m, \u00e7uvallar var alt taraf\u0131nda&#8221; diyor\u2026\u201d<\/p>\n<p>A.A. &#8211; M.M.<\/p>\n","protected":false},"excerpt":{"rendered":"<p>ANKARA \u2013 T\u00fcrkiye&#8217;de \u0130slam \u00f6rt\u00fcs\u00fc arkas\u0131nda saklanan ihvanc\u0131 Erdo\u011fan rejiminin Suriye&#8217;de I\u015e\u0130D ter\u00f6ristlerine sadece silah ve cephane de\u011fil, ayn\u0131 zamanda uyu\u015fturucu da g\u00f6nderdi\u011fi ortaya \u00e7\u0131kt\u0131. T\u00fcrkiye&#8217;de Cumhuriyet Gazetesinin 19 Ocak 2014\u2019te Adana\u2019n\u0131n Ceyhan il\u00e7esinde durdurulan silah ve m\u00fchimmat y\u00fckl\u00fc M\u0130T TIR\u2019lar\u0131 g\u00f6r\u00fcnt\u00fclerinde ortaya \u00e7\u0131kan \u015f\u00fcpheli po\u015fetler i\u00e7inde para, alt\u0131n ve uyu\u015fturucunun bulundu\u011fu bildirildi. Sol Haber &hellip;<\/p>\n","protected":false},"author":1,"featured_media":38092,"comment_status":"closed","ping_status":"closed","sticky":false,"template":"","format":"standard","meta":{"footnotes":""},"categories":[458,459,447,2554,2555],"tags":[15398],"class_list":["post-38090","post","type-post","status-publish","format-standard","has-post-thumbnail","","category-dunya1","category-haberler-arap-uluslararasi-politika","category-politika","category-suriye-ve-dunya","category-suriye-ve-turkiye","tag-ihvanci-erdogan-rejimi-teroristlere-uyusturucu-da-gonderiyordu"],"_links":{"self":[{"href":"https:\/\/archive.sana.sy\/tr\/index.php?rest_route=\/wp\/v2\/posts\/38090","targetHints":{"allow":["GET"]}}],"collection":[{"href":"https:\/\/archive.sana.sy\/tr\/index.php?rest_route=\/wp\/v2\/posts"}],"about":[{"href":"https:\/\/archive.sana.sy\/tr\/index.php?rest_route=\/wp\/v2\/types\/post"}],"author":[{"embeddable":true,"href":"https:\/\/archive.sana.sy\/tr\/index.php?rest_route=\/wp\/v2\/users\/1"}],"replies":[{"embeddable":true,"href":"https:\/\/archive.sana.sy\/tr\/index.php?rest_route=%2Fwp%2Fv2%2Fcomments&post=38090"}],"version-history":[{"count":0,"href":"https:\/\/archive.sana.sy\/tr\/index.php?rest_route=\/wp\/v2\/posts\/38090\/revisions"}],"wp:featuredmedia":[{"embeddable":true,"href":"https:\/\/archive.sana.sy\/tr\/index.php?rest_route=\/wp\/v2\/media\/38092"}],"wp:attachment":[{"href":"https:\/\/archive.sana.sy\/tr\/index.php?rest_route=%2Fwp%2Fv2%2Fmedia&parent=38090"}],"wp:term":[{"taxonomy":"category","embeddable":true,"href":"https:\/\/archive.sana.sy\/tr\/index.php?rest_route=%2Fwp%2Fv2%2Fcategories&post=38090"},{"taxonomy":"post_tag","embeddable":true,"href":"https:\/\/archive.sana.sy\/tr\/index.php?rest_route=%2Fwp%2Fv2%2Ftags&post=38090"}],"curies":[{"name":"wp","href":"https:\/\/api.w.org\/{rel}","templated":true}]}}