{"id":38102,"date":"2015-06-24T14:14:53","date_gmt":"2015-06-24T11:14:53","guid":{"rendered":"http:\/\/sana.sy\/tr\/?p=38102"},"modified":"2015-06-24T17:57:10","modified_gmt":"2015-06-24T14:57:10","slug":"lubnan-ordusu-teroristlerin-saldirilarini-cokertti","status":"publish","type":"post","link":"https:\/\/archive.sana.sy\/tr\/?p=38102","title":{"rendered":"L\u00fcbnan Ordusu Ter\u00f6ristlerin Sald\u0131r\u0131lar\u0131n\u0131 \u00c7\u00f6kertti"},"content":{"rendered":"<p>BEYRUT \u2013 L\u00fcbnan ordusu bug\u00fcn Ersal Beldesi civar\u0131ndaki da\u011flardan askeri mevkilere sald\u0131r\u0131 giri\u015fiminde bulunan tekfirci ter\u00f6ristlerin sald\u0131r\u0131lar\u0131n\u0131 \u00e7\u00f6kertti.<\/p>\n<p>L\u00fcbnan Ulusal Enformasyon Ajans\u0131 ordunun Ras Bealbek Da\u011f\u0131nda ter\u00f6ristlerin hareketlerini roket, f\u00fcze ve a\u011f\u0131r toplarla hedef alarak saflar\u0131nda \u00f6l\u00fc ve yaral\u0131lar d\u00fc\u015f\u00fcrd\u00fc\u011f\u00fcn\u00fc aktard\u0131.<\/p>\n<p>A.A. &#8211; M.M.<\/p>\n","protected":false},"excerpt":{"rendered":"<p>BEYRUT \u2013 L\u00fcbnan ordusu bug\u00fcn Ersal Beldesi civar\u0131ndaki da\u011flardan askeri mevkilere sald\u0131r\u0131 giri\u015fiminde bulunan tekfirci ter\u00f6ristlerin sald\u0131r\u0131lar\u0131n\u0131 \u00e7\u00f6kertti. L\u00fcbnan Ulusal Enformasyon Ajans\u0131 ordunun Ras Bealbek Da\u011f\u0131nda ter\u00f6ristlerin hareketlerini roket, f\u00fcze ve a\u011f\u0131r toplarla hedef alarak saflar\u0131nda \u00f6l\u00fc ve yaral\u0131lar d\u00fc\u015f\u00fcrd\u00fc\u011f\u00fcn\u00fc aktard\u0131. A.A. &#8211; M.M.<\/p>\n","protected":false},"author":1,"featured_media":38104,"comment_status":"closed","ping_status":"closed","sticky":false,"template":"","format":"standard","meta":{"footnotes":""},"categories":[458,459,447],"tags":[15399],"class_list":["post-38102","post","type-post","status-publish","format-standard","has-post-thumbnail","","category-dunya1","category-haberler-arap-uluslararasi-politika","category-politika","tag-lubnan-ordusu-teroristlerin-saldirilarini-cokertti"],"_links":{"self":[{"href":"https:\/\/archive.sana.sy\/tr\/index.php?rest_route=\/wp\/v2\/posts\/38102","targetHints":{"allow":["GET"]}}],"collection":[{"href":"https:\/\/archive.sana.sy\/tr\/index.php?rest_route=\/wp\/v2\/posts"}],"about":[{"href":"https:\/\/archive.sana.sy\/tr\/index.php?rest_route=\/wp\/v2\/types\/post"}],"author":[{"embeddable":true,"href":"https:\/\/archive.sana.sy\/tr\/index.php?rest_route=\/wp\/v2\/users\/1"}],"replies":[{"embeddable":true,"href":"https:\/\/archive.sana.sy\/tr\/index.php?rest_route=%2Fwp%2Fv2%2Fcomments&post=38102"}],"version-history":[{"count":0,"href":"https:\/\/archive.sana.sy\/tr\/index.php?rest_route=\/wp\/v2\/posts\/38102\/revisions"}],"wp:featuredmedia":[{"embeddable":true,"href":"https:\/\/archive.sana.sy\/tr\/index.php?rest_route=\/wp\/v2\/media\/38104"}],"wp:attachment":[{"href":"https:\/\/archive.sana.sy\/tr\/index.php?rest_route=%2Fwp%2Fv2%2Fmedia&parent=38102"}],"wp:term":[{"taxonomy":"category","embeddable":true,"href":"https:\/\/archive.sana.sy\/tr\/index.php?rest_route=%2Fwp%2Fv2%2Fcategories&post=38102"},{"taxonomy":"post_tag","embeddable":true,"href":"https:\/\/archive.sana.sy\/tr\/index.php?rest_route=%2Fwp%2Fv2%2Ftags&post=38102"}],"curies":[{"name":"wp","href":"https:\/\/api.w.org\/{rel}","templated":true}]}}