{"id":38193,"date":"2015-06-26T12:51:41","date_gmt":"2015-06-26T09:51:41","guid":{"rendered":"http:\/\/sana.sy\/tr\/?p=38193"},"modified":"2015-06-26T12:51:41","modified_gmt":"2015-06-26T09:51:41","slug":"haseke-kentine-yonelik-medya-savasina-karsi-teyakkuza-cagirdi","status":"publish","type":"post","link":"https:\/\/archive.sana.sy\/tr\/?p=38193","title":{"rendered":"Haseke Kentine Y\u00f6nelik Medya Sava\u015f\u0131na Kar\u015f\u0131 Teyakkuza \u00c7a\u011f\u0131rd\u0131"},"content":{"rendered":"<p>HASEKE \u2013 Haseke \u0130l Emniyet M\u00fcd\u00fcr\u00fc Habip Tahhan; Haseke Merkez Cezaevi g\u00fcvenlik elemanlar\u0131n\u0131n g\u00f6rev yerlerinde olduklar\u0131n\u0131, ayn\u0131 \u015fekilde cinayet masas\u0131 g\u00fcvenlik g\u00f6revlilerinin de I\u015e\u0130D\u2019e kar\u015f\u0131 kahramanca koyduklar\u0131n\u0131 belirtti.<\/p>\n<p>Tahhan SANA\u2019ya a\u00e7\u0131klamas\u0131nda; cezaevi g\u00fcvenlik sorumlular\u0131 ve cinayet masas\u0131 g\u00fcvenlik personellerinin g\u00f6rev yerlerinden \u00e7ekildiklerine ili\u015fkin yay\u0131lan t\u00fcm haberlerin asl\u0131 ger\u00e7e\u011fi olmad\u0131\u011f\u0131n\u0131 vurgulad\u0131. Bu haberlerin ter\u00f6r \u00f6rg\u00fctleri ve yanda\u015f medyalar\u0131 taraf\u0131ndan psikolojik ama\u00e7l\u0131 olarak yay\u0131lmaya \u00e7al\u0131\u015f\u0131ld\u0131\u011f\u0131n\u0131 belirten Tahhan; Haseke Kentine ter\u00f6r sald\u0131r\u0131s\u0131na e\u015f zamanl\u0131 olarak y\u00fcr\u00fct\u00fclmekte olan medya sava\u015f\u0131na kar\u015f\u0131 teyakkuzda olmaya \u00e7a\u011f\u0131rd\u0131.<\/p>\n<p>A.A. &#8211; R.H.<\/p>\n","protected":false},"excerpt":{"rendered":"<p>HASEKE \u2013 Haseke \u0130l Emniyet M\u00fcd\u00fcr\u00fc Habip Tahhan; Haseke Merkez Cezaevi g\u00fcvenlik elemanlar\u0131n\u0131n g\u00f6rev yerlerinde olduklar\u0131n\u0131, ayn\u0131 \u015fekilde cinayet masas\u0131 g\u00fcvenlik g\u00f6revlilerinin de I\u015e\u0130D\u2019e kar\u015f\u0131 kahramanca koyduklar\u0131n\u0131 belirtti. Tahhan SANA\u2019ya a\u00e7\u0131klamas\u0131nda; cezaevi g\u00fcvenlik sorumlular\u0131 ve cinayet masas\u0131 g\u00fcvenlik personellerinin g\u00f6rev yerlerinden \u00e7ekildiklerine ili\u015fkin yay\u0131lan t\u00fcm haberlerin asl\u0131 ger\u00e7e\u011fi olmad\u0131\u011f\u0131n\u0131 vurgulad\u0131. Bu haberlerin ter\u00f6r \u00f6rg\u00fctleri ve &hellip;<\/p>\n","protected":false},"author":1,"featured_media":38176,"comment_status":"closed","ping_status":"closed","sticky":false,"template":"","format":"standard","meta":{"footnotes":""},"categories":[479,478],"tags":[15424,15425],"class_list":["post-38193","post","type-post","status-publish","format-standard","has-post-thumbnail","","category-haberler-yerel","category-yerel","tag-ayni-sekilde-cinayet-masasi-guvenlik-gorevlilerinin-de-iside-karsi-kahramanca-koyduklarini-belirtti","tag-haseke-kentine-yonelik-medya-savasina-karsi-teyakkuza-cagirdi-haseke-haseke-il-emniyet-muduru-habip-tahhan-haseke-merkez-cezaevi-guvenlik-elemanlarinin-gorev-yerlerinde-olduklarini"],"_links":{"self":[{"href":"https:\/\/archive.sana.sy\/tr\/index.php?rest_route=\/wp\/v2\/posts\/38193","targetHints":{"allow":["GET"]}}],"collection":[{"href":"https:\/\/archive.sana.sy\/tr\/index.php?rest_route=\/wp\/v2\/posts"}],"about":[{"href":"https:\/\/archive.sana.sy\/tr\/index.php?rest_route=\/wp\/v2\/types\/post"}],"author":[{"embeddable":true,"href":"https:\/\/archive.sana.sy\/tr\/index.php?rest_route=\/wp\/v2\/users\/1"}],"replies":[{"embeddable":true,"href":"https:\/\/archive.sana.sy\/tr\/index.php?rest_route=%2Fwp%2Fv2%2Fcomments&post=38193"}],"version-history":[{"count":0,"href":"https:\/\/archive.sana.sy\/tr\/index.php?rest_route=\/wp\/v2\/posts\/38193\/revisions"}],"wp:featuredmedia":[{"embeddable":true,"href":"https:\/\/archive.sana.sy\/tr\/index.php?rest_route=\/wp\/v2\/media\/38176"}],"wp:attachment":[{"href":"https:\/\/archive.sana.sy\/tr\/index.php?rest_route=%2Fwp%2Fv2%2Fmedia&parent=38193"}],"wp:term":[{"taxonomy":"category","embeddable":true,"href":"https:\/\/archive.sana.sy\/tr\/index.php?rest_route=%2Fwp%2Fv2%2Fcategories&post=38193"},{"taxonomy":"post_tag","embeddable":true,"href":"https:\/\/archive.sana.sy\/tr\/index.php?rest_route=%2Fwp%2Fv2%2Ftags&post=38193"}],"curies":[{"name":"wp","href":"https:\/\/api.w.org\/{rel}","templated":true}]}}