{"id":3820,"date":"2014-06-24T15:48:55","date_gmt":"2014-06-24T12:48:55","guid":{"rendered":"http:\/\/www.sana.sy\/tr\/?p=3820"},"modified":"2014-06-24T15:48:55","modified_gmt":"2014-06-24T12:48:55","slug":"hasekede-kizamik-asisi-kampanyasi-basladi","status":"publish","type":"post","link":"https:\/\/archive.sana.sy\/tr\/?p=3820","title":{"rendered":"Haseke\u2019de K\u0131zam\u0131k A\u015f\u0131s\u0131 Kampanyas\u0131 Ba\u015flad\u0131"},"content":{"rendered":"<p>HASEKE \u2013 Haseke Sa\u011fl\u0131k M\u00fcd\u00fcrl\u00fc\u011f\u00fc bug\u00fcn ter\u00f6r ma\u011fdurlar\u0131n\u0131n ikamet etti\u011fi ge\u00e7ici konut merkezlerinde ve ilde bulunan b\u00fct\u00fcn sa\u011fl\u0131k merkezlerinde k\u0131zam\u0131k a\u015f\u0131s\u0131 kampanyas\u0131 \u00e7al\u0131\u015fmalar\u0131na ba\u015flad\u0131.<\/p>\n<p>Haseke Sa\u011fl\u0131k M\u00fcd\u00fcr\u00fc Yard\u0131mc\u0131s\u0131 Malik Ataullah SANA\u2019ya yapt\u0131\u011f\u0131 a\u00e7\u0131klamada k\u0131zam\u0131k a\u015f\u0131s\u0131 kampanyas\u0131 \u00e7al\u0131\u015fmalar\u0131n\u0131n hafta sonuna kadar devam edece\u011fine dikkat \u00e7ekerek bu s\u00fcre i\u00e7erisinde 5 ya\u015f ve alt\u0131 toplam 130 bin \u00e7ocu\u011fun a\u015f\u0131lanmas\u0131n\u0131n hedeflendi\u011fini belirtti.<\/p>\n<p>Ayr\u0131ca bar\u0131nma merkezlerinde 1 \u2013 15 ya\u015f aras\u0131 b\u00fct\u00fcn \u00e7ocuklar\u0131n a\u015f\u0131lanaca\u011f\u0131n\u0131 ifade eden Ataullah; kampanyan\u0131n ba\u015far\u0131yla tamamlanmas\u0131 i\u00e7in gerekli b\u00fct\u00fcn icraatlar\u0131n al\u0131nd\u0131\u011f\u0131n\u0131n alt\u0131n\u0131 \u00e7izdi.<\/p>\n","protected":false},"excerpt":{"rendered":"<p>HASEKE \u2013 Haseke Sa\u011fl\u0131k M\u00fcd\u00fcrl\u00fc\u011f\u00fc bug\u00fcn ter\u00f6r ma\u011fdurlar\u0131n\u0131n ikamet etti\u011fi ge\u00e7ici konut merkezlerinde ve ilde bulunan b\u00fct\u00fcn sa\u011fl\u0131k merkezlerinde k\u0131zam\u0131k a\u015f\u0131s\u0131 kampanyas\u0131 \u00e7al\u0131\u015fmalar\u0131na ba\u015flad\u0131. Haseke Sa\u011fl\u0131k M\u00fcd\u00fcr\u00fc Yard\u0131mc\u0131s\u0131 Malik Ataullah SANA\u2019ya yapt\u0131\u011f\u0131 a\u00e7\u0131klamada k\u0131zam\u0131k a\u015f\u0131s\u0131 kampanyas\u0131 \u00e7al\u0131\u015fmalar\u0131n\u0131n hafta sonuna kadar devam edece\u011fine dikkat \u00e7ekerek bu s\u00fcre i\u00e7erisinde 5 ya\u015f ve alt\u0131 toplam 130 bin \u00e7ocu\u011fun &hellip;<\/p>\n","protected":false},"author":1,"featured_media":3821,"comment_status":"closed","ping_status":"closed","sticky":false,"template":"","format":"standard","meta":{"footnotes":""},"categories":[479,478],"tags":[836],"class_list":["post-3820","post","type-post","status-publish","format-standard","has-post-thumbnail","","category-haberler-yerel","category-yerel","tag-hasekede-kizamik-asisi-kampanyasi-basladi"],"_links":{"self":[{"href":"https:\/\/archive.sana.sy\/tr\/index.php?rest_route=\/wp\/v2\/posts\/3820","targetHints":{"allow":["GET"]}}],"collection":[{"href":"https:\/\/archive.sana.sy\/tr\/index.php?rest_route=\/wp\/v2\/posts"}],"about":[{"href":"https:\/\/archive.sana.sy\/tr\/index.php?rest_route=\/wp\/v2\/types\/post"}],"author":[{"embeddable":true,"href":"https:\/\/archive.sana.sy\/tr\/index.php?rest_route=\/wp\/v2\/users\/1"}],"replies":[{"embeddable":true,"href":"https:\/\/archive.sana.sy\/tr\/index.php?rest_route=%2Fwp%2Fv2%2Fcomments&post=3820"}],"version-history":[{"count":0,"href":"https:\/\/archive.sana.sy\/tr\/index.php?rest_route=\/wp\/v2\/posts\/3820\/revisions"}],"wp:featuredmedia":[{"embeddable":true,"href":"https:\/\/archive.sana.sy\/tr\/index.php?rest_route=\/wp\/v2\/media\/3821"}],"wp:attachment":[{"href":"https:\/\/archive.sana.sy\/tr\/index.php?rest_route=%2Fwp%2Fv2%2Fmedia&parent=3820"}],"wp:term":[{"taxonomy":"category","embeddable":true,"href":"https:\/\/archive.sana.sy\/tr\/index.php?rest_route=%2Fwp%2Fv2%2Fcategories&post=3820"},{"taxonomy":"post_tag","embeddable":true,"href":"https:\/\/archive.sana.sy\/tr\/index.php?rest_route=%2Fwp%2Fv2%2Ftags&post=3820"}],"curies":[{"name":"wp","href":"https:\/\/api.w.org\/{rel}","templated":true}]}}