{"id":38272,"date":"2015-06-27T12:07:19","date_gmt":"2015-06-27T09:07:19","guid":{"rendered":"http:\/\/sana.sy\/tr\/?p=38272"},"modified":"2015-06-27T13:10:26","modified_gmt":"2015-06-27T10:10:26","slug":"suriye-kardes-tunusu-hedef-alan-dunku-teror-saldirisini-sert-bir-dille-kinadi","status":"publish","type":"post","link":"https:\/\/archive.sana.sy\/tr\/?p=38272","title":{"rendered":"Suriye Tunus\u2019u Hedef Alan Ter\u00f6r Sald\u0131r\u0131s\u0131n\u0131 Sert Bir Dille K\u0131nad\u0131"},"content":{"rendered":"<p>\u015eAM \u2013 Suriye karde\u015f Tunus\u2019u\u00a0d\u00fcn hedef alan ter\u00f6r sald\u0131r\u0131s\u0131n\u0131 \u015fiddetle k\u0131nad\u0131 ve uluslararas\u0131 toplumu ter\u00f6r fenomenini ortadan kald\u0131rmak i\u00e7in ciddi bir duru\u015f sergilemekle birlikte sorumlu bir \u015fekilde \u00e7al\u0131\u015fmaya \u00e7a\u011f\u0131rd\u0131.<\/p>\n<p>Bakanl\u0131k bug\u00fcn yay\u0131nlad\u0131\u011f\u0131 ve bir n\u00fcshas\u0131 SANA\u2019ya gelen beyan\u0131nda, Suriye Arap Cumhuriyeti\u2019nin karde\u015f Tunus\u2019u yeniden hedef alan ter\u00f6r sald\u0131r\u0131s\u0131n\u0131 \u015fiddetle k\u0131nad\u0131\u011f\u0131n\u0131, karde\u015f Tunus halk\u0131 ve ac\u0131l\u0131 kurban aileleriyle en derin \u00fcz\u00fcnt\u00fcleri ya\u015fad\u0131\u011f\u0131n\u0131 dile getirdi.<\/p>\n<p>Bakanl\u0131k d\u00fcn Tunus, Kuveyt ve Fransa\u2019da meydana gelen ter\u00f6r eylemlerin, s\u0131n\u0131r\u0131 yada dini olmayan ter\u00f6r tehlikesinden hi\u00e7 kimsenin uzak olmad\u0131\u011f\u0131n\u0131 bir kez daha kan\u0131tlad\u0131\u011f\u0131n\u0131 belirtti. \u00d6zellikle Suudi Arabistan, Katar ve T\u00fcrkiye ba\u015fta olmak \u00fczere ter\u00f6re her t\u00fcrl\u00fc deste\u011fi sunan \u00fclkelerin, ter\u00f6rle m\u00fccadele ile ilgili uluslararas\u0131 me\u015fruiyet kararlar\u0131n\u0131 yerine getirmeye zorlanmalar\u0131 grekti\u011fini belirten bakanl\u0131k; uluslararas\u0131 bar\u0131\u015f, g\u00fcven ve istikrara tehlike olu\u015fturan y\u0131k\u0131c\u0131 politikalar\u0131ndan vazge\u00e7melerine mecbur edilmeleri gere\u011fini vurgulad\u0131.<\/p>\n<p>Bakanl\u0131k karanl\u0131k tekfiri ter\u00f6r \u00e7eteleriyle kahramanca m\u00fccadele eden Suriye\u2019nin, d\u00fcnyay\u0131 bu ter\u00f6r afetinden kurtarmak i\u00e7in sad\u0131k b\u00fct\u00fcn \u00e7abalarla i\u015fbirli\u011fine haz\u0131r oldu\u011funu bir kez daha yineledi\u011fini belirterek beyan\u0131n\u0131 bitirdi.<\/p>\n<p>I\u015e\u0130D ter\u00f6r \u00f6rg\u00fct\u00fcn\u00fcn \u00fcstlendi\u011fi ve Tunus\u2019un Soussa Kenti k\u0131rsal\u0131nda bir otele y\u00f6nelik d\u00fczenledi\u011fi ter\u00f6r sald\u0131r\u0131s\u0131nda onlarca ki\u015finin \u00f6l\u00fc ve yaral\u0131 d\u00fc\u015fmesine yol a\u00e7m\u0131\u015ft\u0131.<\/p>\n<p>A.A. &#8211; S.\u015e<\/p>\n","protected":false},"excerpt":{"rendered":"<p>\u015eAM \u2013 Suriye karde\u015f Tunus\u2019u\u00a0d\u00fcn hedef alan ter\u00f6r sald\u0131r\u0131s\u0131n\u0131 \u015fiddetle k\u0131nad\u0131 ve uluslararas\u0131 toplumu ter\u00f6r fenomenini ortadan kald\u0131rmak i\u00e7in ciddi bir duru\u015f sergilemekle birlikte sorumlu bir \u015fekilde \u00e7al\u0131\u015fmaya \u00e7a\u011f\u0131rd\u0131. Bakanl\u0131k bug\u00fcn yay\u0131nlad\u0131\u011f\u0131 ve bir n\u00fcshas\u0131 SANA\u2019ya gelen beyan\u0131nda, Suriye Arap Cumhuriyeti\u2019nin karde\u015f Tunus\u2019u yeniden hedef alan ter\u00f6r sald\u0131r\u0131s\u0131n\u0131 \u015fiddetle k\u0131nad\u0131\u011f\u0131n\u0131, karde\u015f Tunus halk\u0131 ve ac\u0131l\u0131 &hellip;<\/p>\n","protected":false},"author":1,"featured_media":38274,"comment_status":"closed","ping_status":"closed","sticky":false,"template":"","format":"standard","meta":{"footnotes":""},"categories":[479,447,2554,2555,478],"tags":[15441],"class_list":["post-38272","post","type-post","status-publish","format-standard","has-post-thumbnail","","category-haberler-yerel","category-politika","category-suriye-ve-dunya","category-suriye-ve-turkiye","category-yerel","tag-suriye-tunusu-hedef-alan-teror-saldirisini-sert-bir-dille-kinadi"],"_links":{"self":[{"href":"https:\/\/archive.sana.sy\/tr\/index.php?rest_route=\/wp\/v2\/posts\/38272","targetHints":{"allow":["GET"]}}],"collection":[{"href":"https:\/\/archive.sana.sy\/tr\/index.php?rest_route=\/wp\/v2\/posts"}],"about":[{"href":"https:\/\/archive.sana.sy\/tr\/index.php?rest_route=\/wp\/v2\/types\/post"}],"author":[{"embeddable":true,"href":"https:\/\/archive.sana.sy\/tr\/index.php?rest_route=\/wp\/v2\/users\/1"}],"replies":[{"embeddable":true,"href":"https:\/\/archive.sana.sy\/tr\/index.php?rest_route=%2Fwp%2Fv2%2Fcomments&post=38272"}],"version-history":[{"count":0,"href":"https:\/\/archive.sana.sy\/tr\/index.php?rest_route=\/wp\/v2\/posts\/38272\/revisions"}],"wp:featuredmedia":[{"embeddable":true,"href":"https:\/\/archive.sana.sy\/tr\/index.php?rest_route=\/wp\/v2\/media\/38274"}],"wp:attachment":[{"href":"https:\/\/archive.sana.sy\/tr\/index.php?rest_route=%2Fwp%2Fv2%2Fmedia&parent=38272"}],"wp:term":[{"taxonomy":"category","embeddable":true,"href":"https:\/\/archive.sana.sy\/tr\/index.php?rest_route=%2Fwp%2Fv2%2Fcategories&post=38272"},{"taxonomy":"post_tag","embeddable":true,"href":"https:\/\/archive.sana.sy\/tr\/index.php?rest_route=%2Fwp%2Fv2%2Ftags&post=38272"}],"curies":[{"name":"wp","href":"https:\/\/api.w.org\/{rel}","templated":true}]}}