{"id":3832,"date":"2014-06-24T16:18:28","date_gmt":"2014-06-24T13:18:28","guid":{"rendered":"http:\/\/www.sana.sy\/tr\/?p=3832"},"modified":"2014-06-24T16:18:28","modified_gmt":"2014-06-24T13:18:28","slug":"urdunden-sizma-girisimleri-cokertildi","status":"publish","type":"post","link":"https:\/\/archive.sana.sy\/tr\/?p=3832","title":{"rendered":"\u00dcrd\u00fcn\u2019den S\u0131zma Giri\u015fimleri \u00c7\u00f6kertildi"},"content":{"rendered":"<p>DERA \u2013 S\u0131n\u0131r koruma muhaf\u0131zlar\u0131 bug\u00fcn \u00dcrd\u00fcn s\u0131n\u0131rlar\u0131 \u00fczerinden Teysya K\u00f6y\u00fc yak\u0131nlar\u0131nda Suriye topraklar\u0131na girmeye \u00e7al\u0131\u015fan ter\u00f6ristleri a\u011f\u0131r kay\u0131plarla geri p\u00fcsk\u00fcrtt\u00fc.<\/p>\n<p>Askeri bir kaynak s\u0131n\u0131r muhaf\u0131zlar\u0131n\u0131n ayn\u0131 zamanda yine \u00dcrd\u00fcn s\u0131n\u0131rlar\u0131 yak\u0131nlar\u0131nda el \u015eaab K\u00f6y\u00fc yak\u0131nlar\u0131nda Suudi Arabistanl\u0131 bir arac\u0131 i\u00e7indeki t\u00fcm ter\u00f6ristlerle birlikte imha etti.<\/p>\n","protected":false},"excerpt":{"rendered":"<p>DERA \u2013 S\u0131n\u0131r koruma muhaf\u0131zlar\u0131 bug\u00fcn \u00dcrd\u00fcn s\u0131n\u0131rlar\u0131 \u00fczerinden Teysya K\u00f6y\u00fc yak\u0131nlar\u0131nda Suriye topraklar\u0131na girmeye \u00e7al\u0131\u015fan ter\u00f6ristleri a\u011f\u0131r kay\u0131plarla geri p\u00fcsk\u00fcrtt\u00fc. Askeri bir kaynak s\u0131n\u0131r muhaf\u0131zlar\u0131n\u0131n ayn\u0131 zamanda yine \u00dcrd\u00fcn s\u0131n\u0131rlar\u0131 yak\u0131nlar\u0131nda el \u015eaab K\u00f6y\u00fc yak\u0131nlar\u0131nda Suudi Arabistanl\u0131 bir arac\u0131 i\u00e7indeki t\u00fcm ter\u00f6ristlerle birlikte imha etti.<\/p>\n","protected":false},"author":1,"featured_media":3833,"comment_status":"closed","ping_status":"closed","sticky":false,"template":"","format":"standard","meta":{"footnotes":""},"categories":[479,575,478],"tags":[837],"class_list":["post-3832","post","type-post","status-publish","format-standard","has-post-thumbnail","","category-haberler-yerel","category-olaylar-ve-gercekler","category-yerel","tag-urdunden-sizma-girisimleri-cokertildi"],"_links":{"self":[{"href":"https:\/\/archive.sana.sy\/tr\/index.php?rest_route=\/wp\/v2\/posts\/3832","targetHints":{"allow":["GET"]}}],"collection":[{"href":"https:\/\/archive.sana.sy\/tr\/index.php?rest_route=\/wp\/v2\/posts"}],"about":[{"href":"https:\/\/archive.sana.sy\/tr\/index.php?rest_route=\/wp\/v2\/types\/post"}],"author":[{"embeddable":true,"href":"https:\/\/archive.sana.sy\/tr\/index.php?rest_route=\/wp\/v2\/users\/1"}],"replies":[{"embeddable":true,"href":"https:\/\/archive.sana.sy\/tr\/index.php?rest_route=%2Fwp%2Fv2%2Fcomments&post=3832"}],"version-history":[{"count":0,"href":"https:\/\/archive.sana.sy\/tr\/index.php?rest_route=\/wp\/v2\/posts\/3832\/revisions"}],"wp:featuredmedia":[{"embeddable":true,"href":"https:\/\/archive.sana.sy\/tr\/index.php?rest_route=\/wp\/v2\/media\/3833"}],"wp:attachment":[{"href":"https:\/\/archive.sana.sy\/tr\/index.php?rest_route=%2Fwp%2Fv2%2Fmedia&parent=3832"}],"wp:term":[{"taxonomy":"category","embeddable":true,"href":"https:\/\/archive.sana.sy\/tr\/index.php?rest_route=%2Fwp%2Fv2%2Fcategories&post=3832"},{"taxonomy":"post_tag","embeddable":true,"href":"https:\/\/archive.sana.sy\/tr\/index.php?rest_route=%2Fwp%2Fv2%2Ftags&post=3832"}],"curies":[{"name":"wp","href":"https:\/\/api.w.org\/{rel}","templated":true}]}}