{"id":38320,"date":"2015-06-27T16:38:24","date_gmt":"2015-06-27T13:38:24","guid":{"rendered":"http:\/\/sana.sy\/tr\/?p=38320"},"modified":"2015-06-27T16:54:59","modified_gmt":"2015-06-27T13:54:59","slug":"terorle-mucadeleyi-ongoren-uluslararasi-kararlarin-dakik-olarak-uygulanmalarina-odaklanilacak","status":"publish","type":"post","link":"https:\/\/archive.sana.sy\/tr\/?p=38320","title":{"rendered":"Ter\u00f6rle M\u00fccadeleyi \u00d6ng\u00f6ren Uluslararas\u0131 Kararlar\u0131n Dakik Olarak Uygulanmalar\u0131na Odaklan\u0131lacak"},"content":{"rendered":"<p>MOSKOVA \u2013 Rusya D\u0131\u015fi\u015fleri Bakanl\u0131\u011f\u0131 bug\u00fcn bu ay\u0131n 28 ila 30 tarihleri aras\u0131nda Moskova\u2019y\u0131 ziyaret edecek Ba\u015fbakan Yard\u0131mc\u0131s\u0131 D\u0131\u015fi\u015fleri ve Gurbet\u00e7iler Bakan\u0131 Velid el Muallim\u2019in temaslar\u0131nda Suriye ve civar\u0131ndaki son durumlara odaklan\u0131laca\u011f\u0131n\u0131 ilan etti.<\/p>\n<p>Rus Bakanl\u0131k bug\u00fcn deklere etti\u011fi beyanda I\u015e\u0130D ve Kaide \u00d6rg\u00fct\u00fcn\u00fcn Suriye kolu Nusra Cephesi ba\u015fta olmak \u00fczere d\u00fc\u015fmanc\u0131 kimi g\u00fc\u00e7lerin son zamanlarda Suriye topraklar\u0131 \u00fczerinde kontrolleri alt\u0131ndaki b\u00f6lgeleri geni\u015fletmeye \u00e7al\u0131\u015ft\u0131klar\u0131na i\u015faret etti.<\/p>\n<p>D\u00fcnya kamuoyunun bir s\u00fcre \u00f6nce I\u015e\u0130D\u2019in insanl\u0131k tarihinin \u00f6nemli medeniyetlerinden biri say\u0131lan ve UNESCO\u2019nun uluslararas\u0131 miras listesinde yer alan Antik Palmira Kentini ele ge\u00e7irmesini b\u00fcy\u00fck bir endi\u015feyle kar\u015f\u0131lad\u0131\u011f\u0131n\u0131 ifade eden Rusya D\u0131\u015fi\u015fleri Bakanl\u0131\u011f\u0131; Rusya&#8217;n\u0131n Suriye konusundaki tutumunu belirtti. Bakanl\u0131k Moskova&#8217;n\u0131n Suriye&#8217;ye ili\u015fkin bu tutumunun Suriye Arap Cumhuriyetinin egemenli\u011fine, toprak ve halk b\u00fct\u00fcnl\u00fc\u011f\u00fcne sayg\u0131 temeline dayand\u0131\u011f\u0131n\u0131, \u00fclkedeki krizin Suriyeliler aras\u0131nda diyalog ile siyasi \u00e7\u00f6z\u00fcmden ba\u015fka bir \u00e7\u00f6z\u00fcm\u00fc olmad\u0131\u011f\u0131na dayand\u0131\u011f\u0131n\u0131 kaydetti.<\/p>\n<p>Rus bakanl\u0131k Muallim ve Rusya D\u0131\u015fi\u015fleri Bakan\u0131 Sergey Lavrov\u2019un temaslar\u0131nda G\u00fcvenlik Konseyinin ter\u00f6r kaynaklar\u0131, finans\u0131 ve deste\u011finin kurutulmas\u0131n\u0131n yan\u0131 s\u0131ra I\u015e\u0130D ve Nusra Cephesinin finans kaynaklar\u0131n\u0131n ablukaya al\u0131nmas\u0131n\u0131 \u00f6ng\u00f6ren 2170, 2177 ve 21 99 say\u0131l\u0131 kararlar\u0131n\u0131n dakik bir \u015fekilde hayata ge\u00e7irilmelerine de odaklanaca\u011f\u0131n\u0131 vurgulad\u0131. Beyanda ayr\u0131ca g\u00f6r\u00fc\u015fmelerde iki \u00fclke aras\u0131ndaki ili\u015fkilerin muhtelif alanlarda peki\u015ftirilmesi ve Rusya&#8217;n\u0131n Suriye halk\u0131na yard\u0131mlar\u0131n\u0131 da ele alacaklar\u0131 ifade edildi.<\/p>\n<p>A.A. &#8211; M.M.<\/p>\n","protected":false},"excerpt":{"rendered":"<p>MOSKOVA \u2013 Rusya D\u0131\u015fi\u015fleri Bakanl\u0131\u011f\u0131 bug\u00fcn bu ay\u0131n 28 ila 30 tarihleri aras\u0131nda Moskova\u2019y\u0131 ziyaret edecek Ba\u015fbakan Yard\u0131mc\u0131s\u0131 D\u0131\u015fi\u015fleri ve Gurbet\u00e7iler Bakan\u0131 Velid el Muallim\u2019in temaslar\u0131nda Suriye ve civar\u0131ndaki son durumlara odaklan\u0131laca\u011f\u0131n\u0131 ilan etti. Rus Bakanl\u0131k bug\u00fcn deklere etti\u011fi beyanda I\u015e\u0130D ve Kaide \u00d6rg\u00fct\u00fcn\u00fcn Suriye kolu Nusra Cephesi ba\u015fta olmak \u00fczere d\u00fc\u015fmanc\u0131 kimi g\u00fc\u00e7lerin son &hellip;<\/p>\n","protected":false},"author":1,"featured_media":38323,"comment_status":"closed","ping_status":"closed","sticky":false,"template":"","format":"standard","meta":{"footnotes":""},"categories":[458,459,447,2554,2555],"tags":[15448],"class_list":["post-38320","post","type-post","status-publish","format-standard","has-post-thumbnail","","category-dunya1","category-haberler-arap-uluslararasi-politika","category-politika","category-suriye-ve-dunya","category-suriye-ve-turkiye","tag-terorle-mucadeleyi-ongoren-uluslararasi-kararlarin-dakik-olarak-uygulanmalarina-odaklanilacak"],"_links":{"self":[{"href":"https:\/\/archive.sana.sy\/tr\/index.php?rest_route=\/wp\/v2\/posts\/38320","targetHints":{"allow":["GET"]}}],"collection":[{"href":"https:\/\/archive.sana.sy\/tr\/index.php?rest_route=\/wp\/v2\/posts"}],"about":[{"href":"https:\/\/archive.sana.sy\/tr\/index.php?rest_route=\/wp\/v2\/types\/post"}],"author":[{"embeddable":true,"href":"https:\/\/archive.sana.sy\/tr\/index.php?rest_route=\/wp\/v2\/users\/1"}],"replies":[{"embeddable":true,"href":"https:\/\/archive.sana.sy\/tr\/index.php?rest_route=%2Fwp%2Fv2%2Fcomments&post=38320"}],"version-history":[{"count":0,"href":"https:\/\/archive.sana.sy\/tr\/index.php?rest_route=\/wp\/v2\/posts\/38320\/revisions"}],"wp:featuredmedia":[{"embeddable":true,"href":"https:\/\/archive.sana.sy\/tr\/index.php?rest_route=\/wp\/v2\/media\/38323"}],"wp:attachment":[{"href":"https:\/\/archive.sana.sy\/tr\/index.php?rest_route=%2Fwp%2Fv2%2Fmedia&parent=38320"}],"wp:term":[{"taxonomy":"category","embeddable":true,"href":"https:\/\/archive.sana.sy\/tr\/index.php?rest_route=%2Fwp%2Fv2%2Fcategories&post=38320"},{"taxonomy":"post_tag","embeddable":true,"href":"https:\/\/archive.sana.sy\/tr\/index.php?rest_route=%2Fwp%2Fv2%2Ftags&post=38320"}],"curies":[{"name":"wp","href":"https:\/\/api.w.org\/{rel}","templated":true}]}}