{"id":38428,"date":"2015-06-29T09:30:17","date_gmt":"2015-06-29T06:30:17","guid":{"rendered":"http:\/\/sana.sy\/tr\/?p=38428"},"modified":"2015-06-29T09:59:34","modified_gmt":"2015-06-29T06:59:34","slug":"assange-suudi-arabistan-katar-ve-turkiye-arasinda-gizli-bir-anlasma-bulunuyor","status":"publish","type":"post","link":"https:\/\/archive.sana.sy\/tr\/?p=38428","title":{"rendered":"Assange: Suudi Arabistan Katar ve T\u00fcrkiye Aras\u0131nda Gizli Bir Anla\u015fma Bulunuyor"},"content":{"rendered":"<p>MOSKOVA \u2013 Wikileaks Sitesinin kurucusu Julian Assange Suudi Arabistan Bakanl\u0131klar\u0131ndan s\u0131zd\u0131r\u0131lan belgelerin Suudi Arabistan, Katar ve T\u00fcrkiye aras\u0131nda Suriye h\u00fck\u00fcmetini y\u0131kmak amac\u0131yla 2012 y\u0131l\u0131nda imzalanm\u0131\u015f gizli bir anla\u015fma oldu\u011funu ortaya \u00e7\u0131kard\u0131\u011f\u0131n\u0131 dile getirdi.<\/p>\n<p>Rusya One Televizyon Kanal\u0131na bir r\u00f6portaj veren Assange, ABD, Fransa ve \u0130ngiltere\u2019nin de Suudi Arabistan, Katar ve T\u00fcrkiye\u2019nin yan\u0131nda bu komplonun i\u00e7inde yer ald\u0131\u011f\u0131n\u0131 ifade etti.<\/p>\n<p>ABD\u2019nin b\u00f6lgedeki m\u00fcttefiklerinin daha ba\u011f\u0131ms\u0131z ve sald\u0131rgan tutumlar sergilediklerini ve bazen ABD\u2019nin itaat \u00e7izgisi d\u0131\u015f\u0131na \u00e7\u0131kt\u0131klar\u0131n\u0131 dile getiren Assange,\u00a0 ABD\u2019nin en sad\u0131k m\u00fcttefiki olan Suudi Arabistan\u2019\u0131n bile zaman zaman itaatsizlik sergiledi\u011fini belirtti.<\/p>\n<p>Hat\u0131rlanaca\u011f\u0131 \u00fczere Wikileaks sitesi Suudi Arabistan rejiminin D\u0131\u015fi\u015fleri Bakanl\u0131\u011f\u0131n\u0131n farkl\u0131 b\u00fcy\u00fckel\u00e7ilikler ile yaz\u0131\u015fmalar\u0131n\u0131n bulundu\u011fu 500 bin belgeyi kamuoyuna te\u015fhir etmi\u015fti.<\/p>\n<p>F.B. &#8211; R.H.<\/p>\n","protected":false},"excerpt":{"rendered":"<p>MOSKOVA \u2013 Wikileaks Sitesinin kurucusu Julian Assange Suudi Arabistan Bakanl\u0131klar\u0131ndan s\u0131zd\u0131r\u0131lan belgelerin Suudi Arabistan, Katar ve T\u00fcrkiye aras\u0131nda Suriye h\u00fck\u00fcmetini y\u0131kmak amac\u0131yla 2012 y\u0131l\u0131nda imzalanm\u0131\u015f gizli bir anla\u015fma oldu\u011funu ortaya \u00e7\u0131kard\u0131\u011f\u0131n\u0131 dile getirdi. Rusya One Televizyon Kanal\u0131na bir r\u00f6portaj veren Assange, ABD, Fransa ve \u0130ngiltere\u2019nin de Suudi Arabistan, Katar ve T\u00fcrkiye\u2019nin yan\u0131nda bu komplonun i\u00e7inde &hellip;<\/p>\n","protected":false},"author":1,"featured_media":38429,"comment_status":"closed","ping_status":"closed","sticky":false,"template":"","format":"standard","meta":{"footnotes":""},"categories":[458,459,447],"tags":[],"class_list":["post-38428","post","type-post","status-publish","format-standard","has-post-thumbnail","","category-dunya1","category-haberler-arap-uluslararasi-politika","category-politika"],"_links":{"self":[{"href":"https:\/\/archive.sana.sy\/tr\/index.php?rest_route=\/wp\/v2\/posts\/38428","targetHints":{"allow":["GET"]}}],"collection":[{"href":"https:\/\/archive.sana.sy\/tr\/index.php?rest_route=\/wp\/v2\/posts"}],"about":[{"href":"https:\/\/archive.sana.sy\/tr\/index.php?rest_route=\/wp\/v2\/types\/post"}],"author":[{"embeddable":true,"href":"https:\/\/archive.sana.sy\/tr\/index.php?rest_route=\/wp\/v2\/users\/1"}],"replies":[{"embeddable":true,"href":"https:\/\/archive.sana.sy\/tr\/index.php?rest_route=%2Fwp%2Fv2%2Fcomments&post=38428"}],"version-history":[{"count":0,"href":"https:\/\/archive.sana.sy\/tr\/index.php?rest_route=\/wp\/v2\/posts\/38428\/revisions"}],"wp:featuredmedia":[{"embeddable":true,"href":"https:\/\/archive.sana.sy\/tr\/index.php?rest_route=\/wp\/v2\/media\/38429"}],"wp:attachment":[{"href":"https:\/\/archive.sana.sy\/tr\/index.php?rest_route=%2Fwp%2Fv2%2Fmedia&parent=38428"}],"wp:term":[{"taxonomy":"category","embeddable":true,"href":"https:\/\/archive.sana.sy\/tr\/index.php?rest_route=%2Fwp%2Fv2%2Fcategories&post=38428"},{"taxonomy":"post_tag","embeddable":true,"href":"https:\/\/archive.sana.sy\/tr\/index.php?rest_route=%2Fwp%2Fv2%2Ftags&post=38428"}],"curies":[{"name":"wp","href":"https:\/\/api.w.org\/{rel}","templated":true}]}}