{"id":38462,"date":"2015-06-29T10:36:23","date_gmt":"2015-06-29T07:36:23","guid":{"rendered":"http:\/\/sana.sy\/tr\/?p=38462"},"modified":"2015-06-29T10:36:23","modified_gmt":"2015-06-29T07:36:23","slug":"askeri-kaynak-ordu-birliklerimizin-dera-beled-semti-baraj-yolu-guneyinde-tekfiri-teror-orgutlerine-ait-biri-fuze-bataryasi-ile-donanimli-iki-araci-imha-ettiklerini-soyledi","status":"publish","type":"post","link":"https:\/\/archive.sana.sy\/tr\/?p=38462","title":{"rendered":"Askeri kaynak, ordu birliklerimizin Dera Beled Semti Baraj Yolu g\u00fcneyinde tekfiri ter\u00f6r \u00f6rg\u00fctlerine ait biri f\u00fcze bataryas\u0131 ile donan\u0131ml\u0131 iki arac\u0131 imha ettiklerini s\u00f6yledi."},"content":{"rendered":"<p>Askeri kaynak, ordu birliklerimizin Dera Beled Semti Baraj Yolu g\u00fcneyinde tekfiri ter\u00f6r \u00f6rg\u00fctlerine ait biri f\u00fcze bataryas\u0131 ile donan\u0131ml\u0131 iki arac\u0131 imha ettiklerini s\u00f6yledi.<\/p>\n","protected":false},"excerpt":{"rendered":"<p>Askeri kaynak, ordu birliklerimizin Dera Beled Semti Baraj Yolu g\u00fcneyinde tekfiri ter\u00f6r \u00f6rg\u00fctlerine ait biri f\u00fcze bataryas\u0131 ile donan\u0131ml\u0131 iki arac\u0131 imha ettiklerini s\u00f6yledi.<\/p>\n","protected":false},"author":1,"featured_media":0,"comment_status":"closed","ping_status":"closed","sticky":false,"template":"","format":"standard","meta":{"footnotes":""},"categories":[1],"tags":[1031,15490],"class_list":["post-38462","post","type-post","status-publish","format-standard","","category-news-not-sorted","tag-askeri-kaynak","tag-ordu-birliklerimizin-dera-beled-semti-baraj-yolu-guneyinde-tekfiri-teror-orgutlerine-ait-biri-fuze-bataryasi-ile-donanimli-iki-araci-imha-ettiklerini-soyledi"],"_links":{"self":[{"href":"https:\/\/archive.sana.sy\/tr\/index.php?rest_route=\/wp\/v2\/posts\/38462","targetHints":{"allow":["GET"]}}],"collection":[{"href":"https:\/\/archive.sana.sy\/tr\/index.php?rest_route=\/wp\/v2\/posts"}],"about":[{"href":"https:\/\/archive.sana.sy\/tr\/index.php?rest_route=\/wp\/v2\/types\/post"}],"author":[{"embeddable":true,"href":"https:\/\/archive.sana.sy\/tr\/index.php?rest_route=\/wp\/v2\/users\/1"}],"replies":[{"embeddable":true,"href":"https:\/\/archive.sana.sy\/tr\/index.php?rest_route=%2Fwp%2Fv2%2Fcomments&post=38462"}],"version-history":[{"count":0,"href":"https:\/\/archive.sana.sy\/tr\/index.php?rest_route=\/wp\/v2\/posts\/38462\/revisions"}],"wp:attachment":[{"href":"https:\/\/archive.sana.sy\/tr\/index.php?rest_route=%2Fwp%2Fv2%2Fmedia&parent=38462"}],"wp:term":[{"taxonomy":"category","embeddable":true,"href":"https:\/\/archive.sana.sy\/tr\/index.php?rest_route=%2Fwp%2Fv2%2Fcategories&post=38462"},{"taxonomy":"post_tag","embeddable":true,"href":"https:\/\/archive.sana.sy\/tr\/index.php?rest_route=%2Fwp%2Fv2%2Ftags&post=38462"}],"curies":[{"name":"wp","href":"https:\/\/api.w.org\/{rel}","templated":true}]}}