{"id":3847,"date":"2014-06-24T21:15:05","date_gmt":"2014-06-24T18:15:05","guid":{"rendered":"http:\/\/www.sana.sy\/tr\/?p=3847"},"modified":"2014-06-24T21:15:05","modified_gmt":"2014-06-24T18:15:05","slug":"kina-gunumuzde-yeniden-moda-haline-geldi","status":"publish","type":"post","link":"https:\/\/archive.sana.sy\/tr\/?p=3847","title":{"rendered":"K\u0131na G\u00fcn\u00fcm\u00fczde Yeniden Moda Haline Geldi"},"content":{"rendered":"<p>\u015eAM \u2013 Eski M\u0131s\u0131rl\u0131 kad\u0131n ve erkekler k\u0131nay\u0131 sa\u00e7lar\u0131n\u0131 boyamak amac\u0131yla kullan\u0131yorlard\u0131. Bug\u00fcn ise sa\u00e7larda kullan\u0131lan ilk boyama maddesi olan k\u0131na pop\u00fclerli\u011fini yitirerek yerini kimyasal boyalara b\u0131rakm\u0131\u015ft\u0131r.<\/p>\n<p>M\u0131s\u0131r\u2019da Bayan Kuaf\u00f6r\u00fc Eymen Berket; k\u0131nan\u0131n eski zamanlarda sa\u00e7 boyas\u0131 olarak bilinip kullan\u0131ld\u0131\u011f\u0131n\u0131 ve o zamanlarda ba\u015fka sa\u00e7 boyas\u0131 bulunmad\u0131\u011f\u0131n\u0131 ifade ederek zamanla kimyasal boyalar\u0131n uzun bir d\u00f6nem k\u0131nan\u0131n yerine tercih edildi\u011fini belirtti.<\/p>\n<p>K\u0131nan\u0131n sa\u00e7 ve deri i\u00e7in faydal\u0131 bir madde oldu\u011funun tespit edilmesiyle yeniden g\u00fcndeme gelmeye ba\u015flad\u0131\u011f\u0131na i\u015faret eden Berket; kimyasal maddelerin kullan\u0131lmas\u0131yla bir\u00e7ok \u015feyin do\u011fall\u0131\u011f\u0131n\u0131n kalmad\u0131\u011f\u0131n\u0131 g\u00f6ren kad\u0131nlar\u0131n art\u0131k ba\u015fta sa\u00e7 boyas\u0131 olmak \u00fczere her \u015feyin do\u011fal\u0131na y\u00f6neldiklerini dile getirdi.<\/p>\n<p>K\u0131nan\u0131n sadece Arap d\u00fcnyas\u0131nda de\u011fil Bat\u0131\u2019da ve d\u00fcnyan\u0131n di\u011fer yerlerinde de art\u0131k aranan bir madde haline geldi\u011fine dikkat \u00e7eken Berket; gen\u00e7 k\u0131z ve o\u011flanlar\u0131n ellerinde ve omuzlar\u0131nda k\u0131na ile yapt\u0131klar\u0131 desen ve motiflerin d\u00f6vmeden \u00e7ok daha risksiz ve sa\u011fl\u0131kl\u0131 oldu\u011funun alt\u0131n\u0131 \u00e7izdi.<\/p>\n<p>Sa\u00e7 boyas\u0131 olarak ya da el ve v\u00fccudun istenilen b\u00f6lgelerinde yap\u0131lan desen ve motifler arac\u0131l\u0131\u011f\u0131yla k\u0131nan\u0131n yeniden pop\u00fcler bir moda haline gelmekte oldu\u011funu ibraz eden Berket; ayr\u0131ca genel olarak do\u011fu k\u00fclt\u00fcr\u00fcnde d\u00fc\u011f\u00fcn \u00f6ncesinde gelinin eline yak\u0131lmas\u0131n\u0131n u\u011fur getirece\u011fi y\u00f6n\u00fcndeki inanc\u0131n k\u0131naya mistik bir \u00f6zellik kazand\u0131rd\u0131\u011f\u0131n\u0131 aktard\u0131.<\/p>\n<p>Berket daha \u00f6ncesinde g\u00fczellik salonlar\u0131 ve kuaf\u00f6rlerde k\u0131na ustas\u0131 bulundurma gibi bir ihtiya\u00e7 yokken geldi\u011fimiz d\u00f6nemde k\u0131na ustalar\u0131n\u0131n mutlaka bulunduruldu\u011funun alt\u0131n\u0131 \u00e7izdi.<\/p>\n","protected":false},"excerpt":{"rendered":"<p>\u015eAM \u2013 Eski M\u0131s\u0131rl\u0131 kad\u0131n ve erkekler k\u0131nay\u0131 sa\u00e7lar\u0131n\u0131 boyamak amac\u0131yla kullan\u0131yorlard\u0131. Bug\u00fcn ise sa\u00e7larda kullan\u0131lan ilk boyama maddesi olan k\u0131na pop\u00fclerli\u011fini yitirerek yerini kimyasal boyalara b\u0131rakm\u0131\u015ft\u0131r. M\u0131s\u0131r\u2019da Bayan Kuaf\u00f6r\u00fc Eymen Berket; k\u0131nan\u0131n eski zamanlarda sa\u00e7 boyas\u0131 olarak bilinip kullan\u0131ld\u0131\u011f\u0131n\u0131 ve o zamanlarda ba\u015fka sa\u00e7 boyas\u0131 bulunmad\u0131\u011f\u0131n\u0131 ifade ederek zamanla kimyasal boyalar\u0131n uzun bir d\u00f6nem &hellip;<\/p>\n","protected":false},"author":1,"featured_media":3848,"comment_status":"closed","ping_status":"closed","sticky":false,"template":"","format":"standard","meta":{"footnotes":""},"categories":[526,541,525,538,478],"tags":[841],"class_list":["post-3847","post","type-post","status-publish","format-standard","has-post-thumbnail","","category-haber-ve-raporlar","category-haberler","category-toplum","category-yasam","category-yerel","tag-kina-gunumuzde-yeniden-moda-haline-geldi"],"_links":{"self":[{"href":"https:\/\/archive.sana.sy\/tr\/index.php?rest_route=\/wp\/v2\/posts\/3847","targetHints":{"allow":["GET"]}}],"collection":[{"href":"https:\/\/archive.sana.sy\/tr\/index.php?rest_route=\/wp\/v2\/posts"}],"about":[{"href":"https:\/\/archive.sana.sy\/tr\/index.php?rest_route=\/wp\/v2\/types\/post"}],"author":[{"embeddable":true,"href":"https:\/\/archive.sana.sy\/tr\/index.php?rest_route=\/wp\/v2\/users\/1"}],"replies":[{"embeddable":true,"href":"https:\/\/archive.sana.sy\/tr\/index.php?rest_route=%2Fwp%2Fv2%2Fcomments&post=3847"}],"version-history":[{"count":0,"href":"https:\/\/archive.sana.sy\/tr\/index.php?rest_route=\/wp\/v2\/posts\/3847\/revisions"}],"wp:featuredmedia":[{"embeddable":true,"href":"https:\/\/archive.sana.sy\/tr\/index.php?rest_route=\/wp\/v2\/media\/3848"}],"wp:attachment":[{"href":"https:\/\/archive.sana.sy\/tr\/index.php?rest_route=%2Fwp%2Fv2%2Fmedia&parent=3847"}],"wp:term":[{"taxonomy":"category","embeddable":true,"href":"https:\/\/archive.sana.sy\/tr\/index.php?rest_route=%2Fwp%2Fv2%2Fcategories&post=3847"},{"taxonomy":"post_tag","embeddable":true,"href":"https:\/\/archive.sana.sy\/tr\/index.php?rest_route=%2Fwp%2Fv2%2Ftags&post=3847"}],"curies":[{"name":"wp","href":"https:\/\/api.w.org\/{rel}","templated":true}]}}