{"id":3868,"date":"2014-06-24T23:24:21","date_gmt":"2014-06-24T20:24:21","guid":{"rendered":"http:\/\/www.sana.sy\/tr\/?p=3868"},"modified":"2014-06-25T17:06:16","modified_gmt":"2014-06-25T14:06:16","slug":"homsta-yine-bombali-eylem","status":"publish","type":"post","link":"https:\/\/archive.sana.sy\/tr\/?p=3868","title":{"rendered":"Homs\u2019ta yine Bombal\u0131 Eylem"},"content":{"rendered":"<p>HOMS \u2013 Gaddar ve hain ter\u00f6r \u00e7etelerinin bug\u00fcn Homs Kentinin sivil yerle\u015fim alanlar\u0131ndan Vadi el Deheb Semtinde bomba y\u00fckl\u00fc bir arac\u0131 havaya u\u00e7urmalar\u0131 neticesinde bir bayan vatanda\u015f \u015fehit, 23 vatanda\u015f da yaral\u0131 d\u00fc\u015ft\u00fc.<\/p>\n<p>Homs \u0130l Sa\u011fl\u0131k M\u00fcd\u00fcr\u00fc Hassan el C\u00fcndi yaral\u0131lar\u0131n bir k\u0131sm\u0131n\u0131n a\u011f\u0131r durumda oldu\u011funu s\u00f6yledi.<\/p>\n<p>Homs \u0130l Emniyet M\u00fcd\u00fcrl\u00fc\u011f\u00fcnde bir kaynak ise ter\u00f6ristlerin bomba y\u00fckl\u00fc aac\u0131 normalde insanlar\u0131n yo\u011fun olduklar\u0131 ticari bir \u00e7ar\u015f\u0131da havaya u\u00e7urduklar\u0131na dikkat \u00e7ekerken vatanda\u015flar\u0131n i\u015fyerleri ve ara\u00e7lar\u0131nda b\u00fcy\u00fck hasarlar\u0131n meydana geldi\u011fini s\u00f6zlerine ekledi.<\/p>\n","protected":false},"excerpt":{"rendered":"<p>HOMS \u2013 Gaddar ve hain ter\u00f6r \u00e7etelerinin bug\u00fcn Homs Kentinin sivil yerle\u015fim alanlar\u0131ndan Vadi el Deheb Semtinde bomba y\u00fckl\u00fc bir arac\u0131 havaya u\u00e7urmalar\u0131 neticesinde bir bayan vatanda\u015f \u015fehit, 23 vatanda\u015f da yaral\u0131 d\u00fc\u015ft\u00fc. Homs \u0130l Sa\u011fl\u0131k M\u00fcd\u00fcr\u00fc Hassan el C\u00fcndi yaral\u0131lar\u0131n bir k\u0131sm\u0131n\u0131n a\u011f\u0131r durumda oldu\u011funu s\u00f6yledi. Homs \u0130l Emniyet M\u00fcd\u00fcrl\u00fc\u011f\u00fcnde bir kaynak ise ter\u00f6ristlerin &hellip;<\/p>\n","protected":false},"author":1,"featured_media":3867,"comment_status":"closed","ping_status":"closed","sticky":false,"template":"","format":"standard","meta":{"footnotes":""},"categories":[575],"tags":[842],"class_list":["post-3868","post","type-post","status-publish","format-standard","has-post-thumbnail","","category-olaylar-ve-gercekler","tag-homsta-yine-bombali-eylem"],"_links":{"self":[{"href":"https:\/\/archive.sana.sy\/tr\/index.php?rest_route=\/wp\/v2\/posts\/3868","targetHints":{"allow":["GET"]}}],"collection":[{"href":"https:\/\/archive.sana.sy\/tr\/index.php?rest_route=\/wp\/v2\/posts"}],"about":[{"href":"https:\/\/archive.sana.sy\/tr\/index.php?rest_route=\/wp\/v2\/types\/post"}],"author":[{"embeddable":true,"href":"https:\/\/archive.sana.sy\/tr\/index.php?rest_route=\/wp\/v2\/users\/1"}],"replies":[{"embeddable":true,"href":"https:\/\/archive.sana.sy\/tr\/index.php?rest_route=%2Fwp%2Fv2%2Fcomments&post=3868"}],"version-history":[{"count":0,"href":"https:\/\/archive.sana.sy\/tr\/index.php?rest_route=\/wp\/v2\/posts\/3868\/revisions"}],"wp:featuredmedia":[{"embeddable":true,"href":"https:\/\/archive.sana.sy\/tr\/index.php?rest_route=\/wp\/v2\/media\/3867"}],"wp:attachment":[{"href":"https:\/\/archive.sana.sy\/tr\/index.php?rest_route=%2Fwp%2Fv2%2Fmedia&parent=3868"}],"wp:term":[{"taxonomy":"category","embeddable":true,"href":"https:\/\/archive.sana.sy\/tr\/index.php?rest_route=%2Fwp%2Fv2%2Fcategories&post=3868"},{"taxonomy":"post_tag","embeddable":true,"href":"https:\/\/archive.sana.sy\/tr\/index.php?rest_route=%2Fwp%2Fv2%2Ftags&post=3868"}],"curies":[{"name":"wp","href":"https:\/\/api.w.org\/{rel}","templated":true}]}}