{"id":38692,"date":"2015-07-01T08:00:17","date_gmt":"2015-07-01T05:00:17","guid":{"rendered":"http:\/\/sana.sy\/tr\/?p=38692"},"modified":"2015-07-01T17:05:50","modified_gmt":"2015-07-01T14:05:50","slug":"rusya-ve-amerika-ortadoguda-terorle-mucadele-ile-ilgili-gorusmeleri-surdurmede-ittifak-icinde","status":"publish","type":"post","link":"https:\/\/archive.sana.sy\/tr\/?p=38692","title":{"rendered":"Rusya ve Amerika Ortado\u011fu\u2019da Ter\u00f6rle M\u00fccadele \u0130le \u0130Lgili G\u00f6r\u00fc\u015fmeleri S\u00fcrd\u00fcrmede \u0130ttifak \u0130\u00e7inde"},"content":{"rendered":"<p>V\u0130YANA &#8211; Rusya D\u0131\u015fi\u015fleri Bakan\u0131 Sergey Lavrov ile ABD\u2019li mevkida\u015f\u0131 John Kerry, Ortado\u011fuda b\u00f6lge \u00fclkelerinin de kat\u0131l\u0131m\u0131yla ter\u00f6rle m\u00fccadele ile ilgili g\u00f6r\u00fc\u015fmelerin s\u00fcrd\u00fcr\u00fclmesi \u00fczerinde anla\u015ft\u0131klar\u0131n\u0131 ilan etti.<\/p>\n<p>Lavrov Kerry ile Viyana\u2019da d\u00fcn bir araya gelmesi ard\u0131ndan g\u00f6r\u00fc\u015fmelerin yak\u0131n zamanda ger\u00e7ekle\u015fmesi umudunu dile getirdi.<\/p>\n<p>Lavrov, Moskova ve Washington\u2019un I\u015e\u0130D ter\u00f6r \u00f6rg\u00fct\u00fc probleminin daha aktif \u00e7aba g\u00f6sterilmesi gerektirdi\u011fini bildiklerine dikkat \u00e7ekerek, Kerry ile I\u015e\u0130D \u00f6rg\u00fct\u00fcyle m\u00fccadele yollar\u0131yla ilgili belirli fikirlerde g\u00f6r\u00fc\u015f al\u0131\u015fveri\u015finde bulunduklar\u0131n\u0131 ve I\u015e\u0130D \u00f6rg\u00fct\u00fcn\u00fc \u015fer olarak g\u00f6renlerin \u00e7abalar\u0131n\u0131 birle\u015ftirme umudunda olduklar\u0131n\u0131 a\u00e7\u0131klad\u0131.<\/p>\n<p>I\u015e\u0130D \u00f6rg\u00fct\u00fcyle m\u00fccadele eden b\u00fct\u00fcn taraflar\u0131n onaylad\u0131\u011f\u0131 hareketlenmelerle ilgili s\u00f6zlerin dola\u015ft\u0131\u011f\u0131na i\u015faret eden Lavrov, Rusya ve ABD aras\u0131nda anl\u0131k hedefler sa\u011flamada ter\u00f6rist cemaatleri kullanma giri\u015fimlerini menetme zorunlulu\u011fu ile ilgili uzla\u015fman\u0131n bulundu\u011funu s\u00f6yledi.<\/p>\n<p><span style=\"color: #0000ff\">Lavrov ve Kerry Suriye\u2019deki Krizin Tesviyesi Ufuklar\u0131n\u0131 Derin Bir \u015eekilde Ele Ald\u0131<\/span><\/p>\n<p>Di\u011fer yandan Rusya D\u0131\u015fi\u015fleri Bakanl\u0131\u011f\u0131 D\u0131\u015fi\u015fleri Bakan\u0131 Sergey Lavrov ile ABD\u2019li mevkida\u015f\u0131 John Kerry aras\u0131nda d\u00fcn Viyana\u2019da d\u00fczenlenen g\u00f6r\u00fc\u015fme g\u00fcndeminde \u0130ran\u2019\u0131n n\u00fckleer dosyas\u0131na ilaveten Suriye ve Ukrayna\u2019daki durumlar\u0131n \u00f6ncelikli konular aras\u0131nda yer ald\u0131\u011f\u0131n\u0131 ilan etti.<\/p>\n<p>Rusya Bug\u00fcn web haber sitesi Bakanl\u0131\u011f\u0131n yay\u0131nlad\u0131\u011f\u0131 beyandan naklen Lavrov ve Kerry\u2019nin, Rusya ve ABD Ba\u015fkanlar\u0131n\u0131n 25 Haziranda bulunduklar\u0131 telefon g\u00f6r\u00fc\u015fmesi sonucunda verdikleri talimatlar gere\u011fince, Suriye krizinin siyasi yollarla \u00e7\u00f6z\u00fclmesi ufuklar\u0131n\u0131 derin bir \u015fekilde analiz ettiklerini belirtti.<\/p>\n<p>Beyanda Lavrov\u2019un; Suriye\u2019yi par\u00e7alayan, b\u00f6lge ve uluslararas\u0131 g\u00fcvenli\u011fe tehdit olu\u015fturan ter\u00f6r gruplara y\u00f6nelik ulusalc\u0131 Suriye g\u00fc\u00e7leri ve uluslararas\u0131 toplumun ortak bir \u015fekilde m\u00fccadele etmeleri yoluyla var\u0131labilecek siyasi s\u00fcre\u00e7ten ba\u015fka alternatifin bulunmad\u0131\u011f\u0131n\u0131 vurgulad\u0131.<\/p>\n<p>Lavrov ve Kerry d\u00fcn Viyana\u2019da, Moskova ve Washigton\u2019un, I\u015e\u0130D ter\u00f6r \u00f6rg\u00fct\u00fc meselesine \u00e7\u00f6z\u00fcm\u00fcn daha aktif \u00e7abalar gerektirdi\u011fini ilan etmi\u015flerdi.<\/p>\n<p>S.\u015e. &#8211; R.H.<\/p>\n","protected":false},"excerpt":{"rendered":"<p>V\u0130YANA &#8211; Rusya D\u0131\u015fi\u015fleri Bakan\u0131 Sergey Lavrov ile ABD\u2019li mevkida\u015f\u0131 John Kerry, Ortado\u011fuda b\u00f6lge \u00fclkelerinin de kat\u0131l\u0131m\u0131yla ter\u00f6rle m\u00fccadele ile ilgili g\u00f6r\u00fc\u015fmelerin s\u00fcrd\u00fcr\u00fclmesi \u00fczerinde anla\u015ft\u0131klar\u0131n\u0131 ilan etti. Lavrov Kerry ile Viyana\u2019da d\u00fcn bir araya gelmesi ard\u0131ndan g\u00f6r\u00fc\u015fmelerin yak\u0131n zamanda ger\u00e7ekle\u015fmesi umudunu dile getirdi. Lavrov, Moskova ve Washington\u2019un I\u015e\u0130D ter\u00f6r \u00f6rg\u00fct\u00fc probleminin daha aktif \u00e7aba g\u00f6sterilmesi &hellip;<\/p>\n","protected":false},"author":1,"featured_media":38693,"comment_status":"closed","ping_status":"closed","sticky":false,"template":"","format":"standard","meta":{"footnotes":""},"categories":[458,459,447],"tags":[15543,15542],"class_list":["post-38692","post","type-post","status-publish","format-standard","has-post-thumbnail","","category-dunya1","category-haberler-arap-uluslararasi-politika","category-politika","tag-ortadoguda-bolge-ulkelerinin-de-katilimiyla-terorle-mucadele-ile-ilgili-gorusmelerin-surdurulmesi-uzerinde-anlastiklarini-ilan-etti","tag-rusya-ve-amerika-ortadoguda-terorle-mucadele-ile-ilgili-gorusmeleri-surdurmede-ittifak-icinde-viyana-rusya-disisleri-bakani-sergey-lavrov-ile-abdli-mevkidasi-john-kerry"],"_links":{"self":[{"href":"https:\/\/archive.sana.sy\/tr\/index.php?rest_route=\/wp\/v2\/posts\/38692","targetHints":{"allow":["GET"]}}],"collection":[{"href":"https:\/\/archive.sana.sy\/tr\/index.php?rest_route=\/wp\/v2\/posts"}],"about":[{"href":"https:\/\/archive.sana.sy\/tr\/index.php?rest_route=\/wp\/v2\/types\/post"}],"author":[{"embeddable":true,"href":"https:\/\/archive.sana.sy\/tr\/index.php?rest_route=\/wp\/v2\/users\/1"}],"replies":[{"embeddable":true,"href":"https:\/\/archive.sana.sy\/tr\/index.php?rest_route=%2Fwp%2Fv2%2Fcomments&post=38692"}],"version-history":[{"count":0,"href":"https:\/\/archive.sana.sy\/tr\/index.php?rest_route=\/wp\/v2\/posts\/38692\/revisions"}],"wp:featuredmedia":[{"embeddable":true,"href":"https:\/\/archive.sana.sy\/tr\/index.php?rest_route=\/wp\/v2\/media\/38693"}],"wp:attachment":[{"href":"https:\/\/archive.sana.sy\/tr\/index.php?rest_route=%2Fwp%2Fv2%2Fmedia&parent=38692"}],"wp:term":[{"taxonomy":"category","embeddable":true,"href":"https:\/\/archive.sana.sy\/tr\/index.php?rest_route=%2Fwp%2Fv2%2Fcategories&post=38692"},{"taxonomy":"post_tag","embeddable":true,"href":"https:\/\/archive.sana.sy\/tr\/index.php?rest_route=%2Fwp%2Fv2%2Ftags&post=38692"}],"curies":[{"name":"wp","href":"https:\/\/api.w.org\/{rel}","templated":true}]}}