{"id":38695,"date":"2015-07-01T10:24:48","date_gmt":"2015-07-01T07:24:48","guid":{"rendered":"http:\/\/sana.sy\/tr\/?p=38695"},"modified":"2015-07-01T14:25:08","modified_gmt":"2015-07-01T11:25:08","slug":"halaki-ordumuz-ve-halkimizin-butunlugu-sayesinde-teror-hezimete-ugratildi","status":"publish","type":"post","link":"https:\/\/archive.sana.sy\/tr\/?p=38695","title":{"rendered":"Halaki: Ordumuz ve Halk\u0131m\u0131z\u0131n B\u00fct\u00fcnl\u00fc\u011f\u00fc Sayesinde Ter\u00f6r Hezimete U\u011frat\u0131ld\u0131"},"content":{"rendered":"<p>\u015eAM \u2013 Bakanlar Kurulu d\u00fcn Ba\u015fbakan Vail el Halaki ba\u015fkanl\u0131\u011f\u0131nda d\u00fczenledi\u011fi haftal\u0131k ola\u011fan toplant\u0131s\u0131nda bir dizi yasa tasar\u0131s\u0131n\u0131n yan\u0131 s\u0131ra i\u00e7 ula\u015f\u0131m, elektrik, tah\u0131l sat\u0131\u015f\u0131, teslimat\u0131 ve depolamas\u0131 alanlar\u0131ndaki hizmet ve faaliyetleri tart\u0131\u015ft\u0131.<\/p>\n<p>H\u00fck\u00fcmetin, tar\u0131m\u0131 desteklemeye ve tah\u0131l sat\u0131\u015f\u0131, teslimat\u0131 ve depolanmas\u0131na b\u00fcy\u00fck bir \u00f6nem verdi\u011fini dile getiren Halaki, i\u00e7 ula\u015f\u0131m ile ilgili vatanda\u015flar\u0131n sorunlar\u0131n\u0131 \u00e7\u00f6zmek amac\u0131yla yeni otob\u00fcsler al\u0131narak hizmete konulaca\u011f\u0131n\u0131 belirtti.<\/p>\n<p>Ter\u00f6rle m\u00fccadele alan\u0131nda ya\u015fanan geli\u015fmelere ili\u015fkin bir anlat\u0131m sunan Halaki, silahl\u0131 ter\u00f6r gruplar\u0131n\u0131n sald\u0131r\u0131lar\u0131n\u0131 ve askeri \u00e7at\u0131\u015fmalar\u0131 t\u0131rmand\u0131rmas\u0131na ra\u011fmen kahraman ordumuz ile halk\u0131m\u0131z aras\u0131ndaki b\u00fct\u00fcnl\u00fck sayesinde ge\u00e7ti\u011fimiz haftalarda ter\u00f6re a\u011f\u0131r bir hezimet ya\u015fat\u0131ld\u0131\u011f\u0131n\u0131 belirtti.<\/p>\n<p>T\u00fcrkiye ve \u00dcrd\u00fcn\u2019\u00fcn Suriye&#8217;nin g\u00fcney ve do\u011fu kesimlerine bir ter\u00f6rist y\u0131\u011f\u0131na\u011f\u0131 yaparak silah ve finans deste\u011fi ile b\u00fcy\u00fctt\u00fcklerine de\u011finen Halaki, bu b\u00f6lgelerde ter\u00f6ristlerin i\u015fledikleri en vah\u015fi katliamlarla ve dezenformasyon deste\u011fi ile Suriye halk\u0131 ve ordusunun moral-motivasyonunu d\u00fc\u015f\u00fcrmeyi ama\u00e7lad\u0131klar\u0131n\u0131 ancak ama\u00e7lar\u0131na ula\u015famad\u0131klar\u0131n\u0131 ibraz etti.<\/p>\n<div id='gallery-1' class='gallery galleryid-38695 gallery-columns-2 gallery-size-medium'><figure class='gallery-item'>\n\t\t\t<div class='gallery-icon landscape'>\n\t\t\t\t<a href='https:\/\/archive.sana.sy\/tr\/wp-content\/uploads\/2015\/07\/halaki-2.jpg'><img loading=\"lazy\" decoding=\"async\" width=\"300\" height=\"181\" src=\"https:\/\/archive.sana.sy\/tr\/wp-content\/uploads\/2015\/07\/halaki-2-300x181.jpg\" class=\"attachment-medium size-medium\" alt=\"\" srcset=\"https:\/\/archive.sana.sy\/tr\/wp-content\/uploads\/2015\/07\/halaki-2-300x181.jpg 300w, https:\/\/archive.sana.sy\/tr\/wp-content\/uploads\/2015\/07\/halaki-2-150x91.jpg 150w, https:\/\/archive.sana.sy\/tr\/wp-content\/uploads\/2015\/07\/halaki-2.jpg 500w\" sizes=\"auto, (max-width: 300px) 100vw, 300px\" \/><\/a>\n\t\t\t<\/div><\/figure><figure class='gallery-item'>\n\t\t\t<div class='gallery-icon landscape'>\n\t\t\t\t<a href='https:\/\/archive.sana.sy\/tr\/wp-content\/uploads\/2015\/07\/halaki-3.jpg'><img loading=\"lazy\" decoding=\"async\" width=\"300\" height=\"192\" src=\"https:\/\/archive.sana.sy\/tr\/wp-content\/uploads\/2015\/07\/halaki-3-300x192.jpg\" class=\"attachment-medium size-medium\" alt=\"\" srcset=\"https:\/\/archive.sana.sy\/tr\/wp-content\/uploads\/2015\/07\/halaki-3-300x192.jpg 300w, https:\/\/archive.sana.sy\/tr\/wp-content\/uploads\/2015\/07\/halaki-3-150x96.jpg 150w, https:\/\/archive.sana.sy\/tr\/wp-content\/uploads\/2015\/07\/halaki-3-1024x654.jpg 1024w\" sizes=\"auto, (max-width: 300px) 100vw, 300px\" \/><\/a>\n\t\t\t<\/div><\/figure>\n\t\t<\/div>\n\n<p>F.B. &#8211; R.H.<\/p>\n","protected":false},"excerpt":{"rendered":"<p>\u015eAM \u2013 Bakanlar Kurulu d\u00fcn Ba\u015fbakan Vail el Halaki ba\u015fkanl\u0131\u011f\u0131nda d\u00fczenledi\u011fi haftal\u0131k ola\u011fan toplant\u0131s\u0131nda bir dizi yasa tasar\u0131s\u0131n\u0131n yan\u0131 s\u0131ra i\u00e7 ula\u015f\u0131m, elektrik, tah\u0131l sat\u0131\u015f\u0131, teslimat\u0131 ve depolamas\u0131 alanlar\u0131ndaki hizmet ve faaliyetleri tart\u0131\u015ft\u0131. H\u00fck\u00fcmetin, tar\u0131m\u0131 desteklemeye ve tah\u0131l sat\u0131\u015f\u0131, teslimat\u0131 ve depolanmas\u0131na b\u00fcy\u00fck bir \u00f6nem verdi\u011fini dile getiren Halaki, i\u00e7 ula\u015f\u0131m ile ilgili vatanda\u015flar\u0131n sorunlar\u0131n\u0131 &hellip;<\/p>\n","protected":false},"author":1,"featured_media":38696,"comment_status":"closed","ping_status":"closed","sticky":false,"template":"","format":"standard","meta":{"footnotes":""},"categories":[479,2554,2555,478],"tags":[],"class_list":["post-38695","post","type-post","status-publish","format-standard","has-post-thumbnail","","category-haberler-yerel","category-suriye-ve-dunya","category-suriye-ve-turkiye","category-yerel"],"_links":{"self":[{"href":"https:\/\/archive.sana.sy\/tr\/index.php?rest_route=\/wp\/v2\/posts\/38695","targetHints":{"allow":["GET"]}}],"collection":[{"href":"https:\/\/archive.sana.sy\/tr\/index.php?rest_route=\/wp\/v2\/posts"}],"about":[{"href":"https:\/\/archive.sana.sy\/tr\/index.php?rest_route=\/wp\/v2\/types\/post"}],"author":[{"embeddable":true,"href":"https:\/\/archive.sana.sy\/tr\/index.php?rest_route=\/wp\/v2\/users\/1"}],"replies":[{"embeddable":true,"href":"https:\/\/archive.sana.sy\/tr\/index.php?rest_route=%2Fwp%2Fv2%2Fcomments&post=38695"}],"version-history":[{"count":0,"href":"https:\/\/archive.sana.sy\/tr\/index.php?rest_route=\/wp\/v2\/posts\/38695\/revisions"}],"wp:featuredmedia":[{"embeddable":true,"href":"https:\/\/archive.sana.sy\/tr\/index.php?rest_route=\/wp\/v2\/media\/38696"}],"wp:attachment":[{"href":"https:\/\/archive.sana.sy\/tr\/index.php?rest_route=%2Fwp%2Fv2%2Fmedia&parent=38695"}],"wp:term":[{"taxonomy":"category","embeddable":true,"href":"https:\/\/archive.sana.sy\/tr\/index.php?rest_route=%2Fwp%2Fv2%2Fcategories&post=38695"},{"taxonomy":"post_tag","embeddable":true,"href":"https:\/\/archive.sana.sy\/tr\/index.php?rest_route=%2Fwp%2Fv2%2Ftags&post=38695"}],"curies":[{"name":"wp","href":"https:\/\/api.w.org\/{rel}","templated":true}]}}