{"id":38700,"date":"2015-07-01T10:46:17","date_gmt":"2015-07-01T07:46:17","guid":{"rendered":"http:\/\/sana.sy\/tr\/?p=38700"},"modified":"2015-07-01T10:46:17","modified_gmt":"2015-07-01T07:46:17","slug":"kampanya-suriye-halkinin-dayanisma-birlik-ve-butunlugunun-yansimasidir","status":"publish","type":"post","link":"https:\/\/archive.sana.sy\/tr\/?p=38700","title":{"rendered":"Kampanya Suriye Halk\u0131n\u0131n Dayan\u0131\u015fma Birlik Ve B\u00fct\u00fcnl\u00fc\u011f\u00fcn\u00fcn Yans\u0131mas\u0131d\u0131r"},"content":{"rendered":"<p>HAMA \u2013 Suriyeli Gen\u00e7lerin Parmak \u0130zi Grubu Hama\u2019n\u0131n Mahrada beldesinde \u201cBa\u015flar\u0131 Her Zaman Zirvelerin \u00dczerinde Dik Olan Gazilerimizin Gelece\u011fi ve G\u00fcvencesi \u0130\u00e7in El Ele\u201d ba\u015fl\u0131\u011f\u0131 alt\u0131nda d\u00fczenledikleri kampanya ile kahraman ordu birliklerimizin ter\u00f6rle m\u00fccadelede sergiledikleri fedak\u00e2rl\u0131klar\u0131 takdir ettiklerini yans\u0131tt\u0131lar.<\/p>\n<p>Gurbette ya\u015fayan belde sakinleri ile i\u015fbirli\u011fi i\u00e7erisinde d\u00fczenlenen kampanyan\u0131n amac\u0131 vatan\u0131 ve halk\u0131 savunma s\u0131ras\u0131nda yaralanarak kal\u0131c\u0131 rahats\u0131zl\u0131klar\u0131 bulunan gazilerimize psikolojik destek vererek i\u015f f\u0131rsat\u0131 sunarak ya da s\u00fcrekli bir gelir sa\u011flayacak i\u015fletme projelerini uygulayarak hayata daha s\u0131k\u0131 tutunmalar\u0131n\u0131 sa\u011flamay\u0131 ama\u00e7l\u0131yor.<\/p>\n<p>Kampanya kapsam\u0131nda yer alan gazilerimiz b\u00f6yle bir kampanya giri\u015fiminden duyduklar\u0131 memnuniyeti dile getirerek gurbette ya\u015fayan vatan evlatlar\u0131n\u0131n anavatanlar\u0131na duyduklar\u0131 ba\u011fl\u0131l\u0131k ve vefay\u0131 \u00f6vg\u00fcl\u00fc c\u00fcmlelerle ifade ettiler.<\/p>\n<p>Suriye Gen\u00e7lerinin Parmak \u0130zi Gurbu Mahrada Beldesi Temsilcili\u011finden Enez Zerkiyan, M\u00fcne Meccar ve Riym Kudsi, kampanyaya kat\u0131l\u0131m sa\u011flanmas\u0131n\u0131n ve g\u00f6n\u00fcll\u00fc \u00e7al\u0131\u015fmalar\u0131n te\u015fvik edilmesinin \u00f6nemine dikkat \u00e7ekerek bu kampanyan\u0131n \u015fehitlerimizin ve gazilerimizin vatan u\u011fruna sergiledikleri fedak\u00e2rl\u0131klar\u0131 takdirin bir yans\u0131mas\u0131 oldu\u011funu dile getirdiler.<\/p>\n<p>\u00d6te yandan Suriyeli Gen\u00e7lerin Parmak \u0130zi Grubu Mahrada \u0130daresi Ba\u015fkan\u0131 Hazim Cerbu SANA\u2019ya yapt\u0131\u011f\u0131 a\u00e7\u0131klamada kampanyan\u0131n halk savunmas\u0131 ve ordu gazilerine atfedildi\u011fini dile getirerek \u015fehit aileleri ve gazilerimize maddi manevi destek sunmay\u0131 ama\u00e7lad\u0131\u011f\u0131n\u0131 belirtti.<\/p>\n<p>Bilinece\u011fi \u00fczere Suriyeli Gen\u00e7lerin Parmak \u0130zi Grubu Mahrada \u0130daresi 2015 y\u0131l\u0131n\u0131n ba\u015flar\u0131nda 40 \u00fcye ile faaliyetlerine ba\u015flam\u0131\u015f ge\u00e7ti\u011fimiz May\u0131s ay\u0131nda da \u015fehit \u00e7ocuklar\u0131 i\u00e7in \u00fccretsiz \u0130ngilizce dersleri vermeye ba\u015flam\u0131\u015ft\u0131.<\/p>\n<div id='gallery-1' class='gallery galleryid-38700 gallery-columns-2 gallery-size-medium'><figure class='gallery-item'>\n\t\t\t<div class='gallery-icon landscape'>\n\t\t\t\t<a href='https:\/\/archive.sana.sy\/tr\/wp-content\/uploads\/2015\/07\/5.jpg'><img loading=\"lazy\" decoding=\"async\" width=\"300\" height=\"204\" src=\"https:\/\/archive.sana.sy\/tr\/wp-content\/uploads\/2015\/07\/5-300x204.jpg\" class=\"attachment-medium size-medium\" alt=\"\" srcset=\"https:\/\/archive.sana.sy\/tr\/wp-content\/uploads\/2015\/07\/5-300x204.jpg 300w, https:\/\/archive.sana.sy\/tr\/wp-content\/uploads\/2015\/07\/5-150x102.jpg 150w, https:\/\/archive.sana.sy\/tr\/wp-content\/uploads\/2015\/07\/5-1024x696.jpg 1024w\" sizes=\"auto, (max-width: 300px) 100vw, 300px\" \/><\/a>\n\t\t\t<\/div><\/figure><figure class='gallery-item'>\n\t\t\t<div class='gallery-icon landscape'>\n\t\t\t\t<a href='https:\/\/archive.sana.sy\/tr\/wp-content\/uploads\/2015\/07\/1.jpg'><img loading=\"lazy\" decoding=\"async\" width=\"300\" height=\"212\" src=\"https:\/\/archive.sana.sy\/tr\/wp-content\/uploads\/2015\/07\/1-300x212.jpg\" class=\"attachment-medium size-medium\" alt=\"\" srcset=\"https:\/\/archive.sana.sy\/tr\/wp-content\/uploads\/2015\/07\/1-300x212.jpg 300w, https:\/\/archive.sana.sy\/tr\/wp-content\/uploads\/2015\/07\/1-150x106.jpg 150w, https:\/\/archive.sana.sy\/tr\/wp-content\/uploads\/2015\/07\/1-1024x722.jpg 1024w\" sizes=\"auto, (max-width: 300px) 100vw, 300px\" \/><\/a>\n\t\t\t<\/div><\/figure><figure class='gallery-item'>\n\t\t\t<div class='gallery-icon portrait'>\n\t\t\t\t<a href='https:\/\/archive.sana.sy\/tr\/wp-content\/uploads\/2015\/07\/2.jpg'><img loading=\"lazy\" decoding=\"async\" width=\"225\" height=\"300\" src=\"https:\/\/archive.sana.sy\/tr\/wp-content\/uploads\/2015\/07\/2-225x300.jpg\" class=\"attachment-medium size-medium\" alt=\"\" srcset=\"https:\/\/archive.sana.sy\/tr\/wp-content\/uploads\/2015\/07\/2-225x300.jpg 225w, https:\/\/archive.sana.sy\/tr\/wp-content\/uploads\/2015\/07\/2-113x150.jpg 113w, https:\/\/archive.sana.sy\/tr\/wp-content\/uploads\/2015\/07\/2-768x1024.jpg 768w\" sizes=\"auto, (max-width: 225px) 100vw, 225px\" \/><\/a>\n\t\t\t<\/div><\/figure><figure class='gallery-item'>\n\t\t\t<div class='gallery-icon landscape'>\n\t\t\t\t<a href='https:\/\/archive.sana.sy\/tr\/wp-content\/uploads\/2015\/07\/3.jpg'><img loading=\"lazy\" decoding=\"async\" width=\"300\" height=\"225\" src=\"https:\/\/archive.sana.sy\/tr\/wp-content\/uploads\/2015\/07\/3-300x225.jpg\" class=\"attachment-medium size-medium\" alt=\"\" srcset=\"https:\/\/archive.sana.sy\/tr\/wp-content\/uploads\/2015\/07\/3-300x225.jpg 300w, https:\/\/archive.sana.sy\/tr\/wp-content\/uploads\/2015\/07\/3-150x113.jpg 150w, https:\/\/archive.sana.sy\/tr\/wp-content\/uploads\/2015\/07\/3-1024x769.jpg 1024w\" sizes=\"auto, (max-width: 300px) 100vw, 300px\" \/><\/a>\n\t\t\t<\/div><\/figure>\n\t\t<\/div>\n\n<p>F.B. &#8211; R.H.<\/p>\n","protected":false},"excerpt":{"rendered":"<p>HAMA \u2013 Suriyeli Gen\u00e7lerin Parmak \u0130zi Grubu Hama\u2019n\u0131n Mahrada beldesinde \u201cBa\u015flar\u0131 Her Zaman Zirvelerin \u00dczerinde Dik Olan Gazilerimizin Gelece\u011fi ve G\u00fcvencesi \u0130\u00e7in El Ele\u201d ba\u015fl\u0131\u011f\u0131 alt\u0131nda d\u00fczenledikleri kampanya ile kahraman ordu birliklerimizin ter\u00f6rle m\u00fccadelede sergiledikleri fedak\u00e2rl\u0131klar\u0131 takdir ettiklerini yans\u0131tt\u0131lar. Gurbette ya\u015fayan belde sakinleri ile i\u015fbirli\u011fi i\u00e7erisinde d\u00fczenlenen kampanyan\u0131n amac\u0131 vatan\u0131 ve halk\u0131 savunma s\u0131ras\u0131nda yaralanarak &hellip;<\/p>\n","protected":false},"author":1,"featured_media":38701,"comment_status":"closed","ping_status":"closed","sticky":false,"template":"","format":"standard","meta":{"footnotes":""},"categories":[1],"tags":[],"class_list":["post-38700","post","type-post","status-publish","format-standard","has-post-thumbnail","","category-news-not-sorted"],"_links":{"self":[{"href":"https:\/\/archive.sana.sy\/tr\/index.php?rest_route=\/wp\/v2\/posts\/38700","targetHints":{"allow":["GET"]}}],"collection":[{"href":"https:\/\/archive.sana.sy\/tr\/index.php?rest_route=\/wp\/v2\/posts"}],"about":[{"href":"https:\/\/archive.sana.sy\/tr\/index.php?rest_route=\/wp\/v2\/types\/post"}],"author":[{"embeddable":true,"href":"https:\/\/archive.sana.sy\/tr\/index.php?rest_route=\/wp\/v2\/users\/1"}],"replies":[{"embeddable":true,"href":"https:\/\/archive.sana.sy\/tr\/index.php?rest_route=%2Fwp%2Fv2%2Fcomments&post=38700"}],"version-history":[{"count":0,"href":"https:\/\/archive.sana.sy\/tr\/index.php?rest_route=\/wp\/v2\/posts\/38700\/revisions"}],"wp:featuredmedia":[{"embeddable":true,"href":"https:\/\/archive.sana.sy\/tr\/index.php?rest_route=\/wp\/v2\/media\/38701"}],"wp:attachment":[{"href":"https:\/\/archive.sana.sy\/tr\/index.php?rest_route=%2Fwp%2Fv2%2Fmedia&parent=38700"}],"wp:term":[{"taxonomy":"category","embeddable":true,"href":"https:\/\/archive.sana.sy\/tr\/index.php?rest_route=%2Fwp%2Fv2%2Fcategories&post=38700"},{"taxonomy":"post_tag","embeddable":true,"href":"https:\/\/archive.sana.sy\/tr\/index.php?rest_route=%2Fwp%2Fv2%2Ftags&post=38700"}],"curies":[{"name":"wp","href":"https:\/\/api.w.org\/{rel}","templated":true}]}}