{"id":38707,"date":"2015-07-01T10:56:30","date_gmt":"2015-07-01T07:56:30","guid":{"rendered":"http:\/\/sana.sy\/tr\/?p=38707"},"modified":"2015-07-01T10:56:30","modified_gmt":"2015-07-01T07:56:30","slug":"bm-new-york-merkezinde-suriye-turizm-gunleri-faaliyeti","status":"publish","type":"post","link":"https:\/\/archive.sana.sy\/tr\/?p=38707","title":{"rendered":"BM New York Merkezinde Suriye Turizm G\u00fcnleri Faaliyeti"},"content":{"rendered":"<p>NEW YORK \u2013 Birle\u015fmi\u015f Milletler New York\u2019ta bulunan merkezinde \u201cSuriye&#8217;de Turistik Platformlara \u0130lan Edilmemi\u015f Bir Sava\u015f\u201d ba\u015fl\u0131\u011f\u0131 alt\u0131nda arkeolojik ve folklorik platformlar\u0131n\u0131n Suriye \u00fczerine a\u00e7\u0131lan sava\u015f nedeniyle meydana gelen y\u0131k\u0131m \u00f6ncesi ve sonras\u0131n\u0131 g\u00fcn \u0131\u015f\u0131\u011f\u0131na \u00e7\u0131karan bir foto\u011fraf sergisi d\u00fczenledi.<\/p>\n<p>Suriye&#8217;nin BM\u2019de Daimi Temsilcisi Be\u015f\u015far el Caferi serginin a\u00e7\u0131l\u0131\u015f t\u00f6reninde yapt\u0131\u011f\u0131 konu\u015fmada Suriye&#8217;de arkeolojik ve folklorik platformlar\u0131n silahl\u0131 ter\u00f6r gruplar\u0131 taraf\u0131ndan maruz kald\u0131\u011f\u0131 sald\u0131r\u0131lar hakk\u0131nda bilgi verdi.<\/p>\n<p>Suriye-Amerika \u0130rade A\u011f\u0131 \u00dcyeleri \u00f6n\u00fcm\u00fczdeki Cuma g\u00fcn\u00fcne kadar s\u00fcrecek sergi ziyaret\u00e7ilerine Suriye&#8217;de bulunan arkeolojik platformlar\u0131n nitelikleri ve \u00f6nemine ili\u015fkin anlat\u0131mlar sunuyorlar.<\/p>\n<p>Turizm Bakanl\u0131\u011f\u0131n\u0131n, BM\u2019de Daimi Suriye Heyeti ile i\u015fbirli\u011fi i\u00e7erisinde d\u00fczenledi\u011fi Suriye Turizm G\u00fcn\u00fc faaliyetleri kapsam\u0131nda organize edilen Serginin a\u00e7\u0131l\u0131\u015f t\u00f6renine Rusya, Hindistan, \u0130ran ve Pakistan\u2019\u0131n BM daimi temsilcileri kat\u0131l\u0131rken BM Genel Sekreteri Ban Ki Moon serginin ilk ziyaret\u00e7ileri aras\u0131nda yer ald\u0131.<\/p>\n<p>Bilinece\u011fi \u00fczere Turizm Bakanl\u0131\u011f\u0131 bir\u00e7ok \u00fclkede Suriye Turizm G\u00fcn\u00fc kampanyas\u0131 kapsam\u0131ndaki faaliyetlerini s\u00fcrd\u00fcr\u00fcyor.<\/p>\n<p>F.B. &#8211; R.H.<\/p>\n","protected":false},"excerpt":{"rendered":"<p>NEW YORK \u2013 Birle\u015fmi\u015f Milletler New York\u2019ta bulunan merkezinde \u201cSuriye&#8217;de Turistik Platformlara \u0130lan Edilmemi\u015f Bir Sava\u015f\u201d ba\u015fl\u0131\u011f\u0131 alt\u0131nda arkeolojik ve folklorik platformlar\u0131n\u0131n Suriye \u00fczerine a\u00e7\u0131lan sava\u015f nedeniyle meydana gelen y\u0131k\u0131m \u00f6ncesi ve sonras\u0131n\u0131 g\u00fcn \u0131\u015f\u0131\u011f\u0131na \u00e7\u0131karan bir foto\u011fraf sergisi d\u00fczenledi. Suriye&#8217;nin BM\u2019de Daimi Temsilcisi Be\u015f\u015far el Caferi serginin a\u00e7\u0131l\u0131\u015f t\u00f6reninde yapt\u0131\u011f\u0131 konu\u015fmada Suriye&#8217;de arkeolojik ve &hellip;<\/p>\n","protected":false},"author":1,"featured_media":38708,"comment_status":"closed","ping_status":"closed","sticky":false,"template":"","format":"standard","meta":{"footnotes":""},"categories":[516,511,2553],"tags":[],"class_list":["post-38707","post","type-post","status-publish","format-standard","has-post-thumbnail","","category-haberler-kultur-ve-sanat","category-kultur-ve-sanat","category-turizm"],"_links":{"self":[{"href":"https:\/\/archive.sana.sy\/tr\/index.php?rest_route=\/wp\/v2\/posts\/38707","targetHints":{"allow":["GET"]}}],"collection":[{"href":"https:\/\/archive.sana.sy\/tr\/index.php?rest_route=\/wp\/v2\/posts"}],"about":[{"href":"https:\/\/archive.sana.sy\/tr\/index.php?rest_route=\/wp\/v2\/types\/post"}],"author":[{"embeddable":true,"href":"https:\/\/archive.sana.sy\/tr\/index.php?rest_route=\/wp\/v2\/users\/1"}],"replies":[{"embeddable":true,"href":"https:\/\/archive.sana.sy\/tr\/index.php?rest_route=%2Fwp%2Fv2%2Fcomments&post=38707"}],"version-history":[{"count":0,"href":"https:\/\/archive.sana.sy\/tr\/index.php?rest_route=\/wp\/v2\/posts\/38707\/revisions"}],"wp:featuredmedia":[{"embeddable":true,"href":"https:\/\/archive.sana.sy\/tr\/index.php?rest_route=\/wp\/v2\/media\/38708"}],"wp:attachment":[{"href":"https:\/\/archive.sana.sy\/tr\/index.php?rest_route=%2Fwp%2Fv2%2Fmedia&parent=38707"}],"wp:term":[{"taxonomy":"category","embeddable":true,"href":"https:\/\/archive.sana.sy\/tr\/index.php?rest_route=%2Fwp%2Fv2%2Fcategories&post=38707"},{"taxonomy":"post_tag","embeddable":true,"href":"https:\/\/archive.sana.sy\/tr\/index.php?rest_route=%2Fwp%2Fv2%2Ftags&post=38707"}],"curies":[{"name":"wp","href":"https:\/\/api.w.org\/{rel}","templated":true}]}}