{"id":3880,"date":"2014-06-25T13:25:25","date_gmt":"2014-06-25T10:25:25","guid":{"rendered":"http:\/\/www.sana.sy\/tr\/?p=3880"},"modified":"2014-06-25T13:25:25","modified_gmt":"2014-06-25T10:25:25","slug":"kerry-abdnin-derin-endiselerini-ifade-etti","status":"publish","type":"post","link":"https:\/\/archive.sana.sy\/tr\/?p=3880","title":{"rendered":"Kerry, ABD\u2019nin Derin Endi\u015felerini \u0130fade Etti"},"content":{"rendered":"<p>BR\u00dcKSEL \u2013 ABD D\u0131\u015fi\u015fleri Bakan\u0131 John Kerry d\u00fcn Br\u00fcksel\u2019de Avrupa Birli\u011finde D\u0131\u015f Politika ve G\u00fcvenlik Komiseri Catherine Ashton ile temaslarda bulundu.<\/p>\n<p>AFP\u2019nin aktard\u0131\u011f\u0131 a\u00e7\u0131klamalar\u0131nda Kerry; Avrupal\u0131 m\u00fcttefik mevkida\u015flar\u0131na ABD\u2019nin \u2018Irak ve \u015eam\u2019da \u0130slami Devleti\u2019inden duydu\u011fu derin endi\u015feyi bildirdi.<\/p>\n","protected":false},"excerpt":{"rendered":"<p>BR\u00dcKSEL \u2013 ABD D\u0131\u015fi\u015fleri Bakan\u0131 John Kerry d\u00fcn Br\u00fcksel\u2019de Avrupa Birli\u011finde D\u0131\u015f Politika ve G\u00fcvenlik Komiseri Catherine Ashton ile temaslarda bulundu. AFP\u2019nin aktard\u0131\u011f\u0131 a\u00e7\u0131klamalar\u0131nda Kerry; Avrupal\u0131 m\u00fcttefik mevkida\u015flar\u0131na ABD\u2019nin \u2018Irak ve \u015eam\u2019da \u0130slami Devleti\u2019inden duydu\u011fu derin endi\u015feyi bildirdi.<\/p>\n","protected":false},"author":1,"featured_media":3881,"comment_status":"closed","ping_status":"closed","sticky":false,"template":"","format":"standard","meta":{"footnotes":""},"categories":[458,459,447],"tags":[847,846],"class_list":["post-3880","post","type-post","status-publish","format-standard","has-post-thumbnail","","category-dunya1","category-haberler-arap-uluslararasi-politika","category-politika","tag-abdnin-derin-endiselerini-ifade-etti","tag-kerry"],"_links":{"self":[{"href":"https:\/\/archive.sana.sy\/tr\/index.php?rest_route=\/wp\/v2\/posts\/3880","targetHints":{"allow":["GET"]}}],"collection":[{"href":"https:\/\/archive.sana.sy\/tr\/index.php?rest_route=\/wp\/v2\/posts"}],"about":[{"href":"https:\/\/archive.sana.sy\/tr\/index.php?rest_route=\/wp\/v2\/types\/post"}],"author":[{"embeddable":true,"href":"https:\/\/archive.sana.sy\/tr\/index.php?rest_route=\/wp\/v2\/users\/1"}],"replies":[{"embeddable":true,"href":"https:\/\/archive.sana.sy\/tr\/index.php?rest_route=%2Fwp%2Fv2%2Fcomments&post=3880"}],"version-history":[{"count":0,"href":"https:\/\/archive.sana.sy\/tr\/index.php?rest_route=\/wp\/v2\/posts\/3880\/revisions"}],"wp:featuredmedia":[{"embeddable":true,"href":"https:\/\/archive.sana.sy\/tr\/index.php?rest_route=\/wp\/v2\/media\/3881"}],"wp:attachment":[{"href":"https:\/\/archive.sana.sy\/tr\/index.php?rest_route=%2Fwp%2Fv2%2Fmedia&parent=3880"}],"wp:term":[{"taxonomy":"category","embeddable":true,"href":"https:\/\/archive.sana.sy\/tr\/index.php?rest_route=%2Fwp%2Fv2%2Fcategories&post=3880"},{"taxonomy":"post_tag","embeddable":true,"href":"https:\/\/archive.sana.sy\/tr\/index.php?rest_route=%2Fwp%2Fv2%2Ftags&post=3880"}],"curies":[{"name":"wp","href":"https:\/\/api.w.org\/{rel}","templated":true}]}}