{"id":3883,"date":"2014-06-25T17:00:49","date_gmt":"2014-06-25T14:00:49","guid":{"rendered":"http:\/\/www.sana.sy\/tr\/?p=3883"},"modified":"2014-06-26T13:02:36","modified_gmt":"2014-06-26T10:02:36","slug":"teror-masum-sivilleri-hedef-almaya-devam-ediyor","status":"publish","type":"post","link":"https:\/\/archive.sana.sy\/tr\/?p=3883","title":{"rendered":"Ter\u00f6r Masum Sivilleri Hedef Almaya Devam Ediyor"},"content":{"rendered":"<p>\u0130LLER \u2013 Silahl\u0131 ter\u00f6r gruplar\u0131n\u0131n halk\u0131 hedef alan sald\u0131r\u0131 ve faaliyetleri \u00e7er\u00e7evesinde bug\u00fcn \u015eam\u2019\u0131n sivil yerle\u015fim alanlar\u0131ndan M\u00fcctehid Semtini havan mermisiyle hedef ald\u0131lar.<\/p>\n<p>\u015eam Emniyet M\u00fcd\u00fcrl\u00fc\u011f\u00fcnde yetkili bir kaynak ter\u00f6ristlerin hain sald\u0131r\u0131lar\u0131 neticesinde bir \u00e7ocuk ve bir vatanda\u015f\u0131n \u015fehit d\u00fc\u015ft\u00fcklerini, aralar\u0131nda bir k\u0131z \u00e7ocu\u011funun da bulundu\u011fu 6 vatanda\u015f\u0131n yaraland\u0131\u011f\u0131n\u0131 aktard\u0131.<\/p>\n<p><a href=\"http:\/\/www.sana.sy\/tr\/wp-content\/uploads\/2014\/06\/havan-sald\u0131r\u0131s\u0131-1.jpg\"><img loading=\"lazy\" decoding=\"async\" class=\"aligncenter wp-image-3884 size-full\" src=\"http:\/\/www.sana.sy\/tr\/wp-content\/uploads\/2014\/06\/havan-sald\u0131r\u0131s\u0131-1.jpg\" alt=\"havan sald\u0131r\u0131s\u0131 1\" width=\"620\" height=\"330\" srcset=\"https:\/\/archive.sana.sy\/tr\/wp-content\/uploads\/2014\/06\/havan-sald\u0131r\u0131s\u0131-1.jpg 620w, https:\/\/archive.sana.sy\/tr\/wp-content\/uploads\/2014\/06\/havan-sald\u0131r\u0131s\u0131-1-150x79.jpg 150w, https:\/\/archive.sana.sy\/tr\/wp-content\/uploads\/2014\/06\/havan-sald\u0131r\u0131s\u0131-1-300x160.jpg 300w\" sizes=\"auto, (max-width: 620px) 100vw, 620px\" \/><\/a><\/p>\n<p>Hama K\u0131rsal\u0131nda Bombal\u0131 Eylem<\/p>\n<p>Hama Emniyet M\u00fcd\u00fcrl\u00fc\u011f\u00fcnde yetkili bir kaynak; ter\u00f6ristlerin yol kenar\u0131na yerle\u015ftirdikleri patlay\u0131c\u0131 d\u00fczene\u011fini bir arac\u0131n ge\u00e7mesi s\u0131ras\u0131nda uzaktan kumandayla patlatt\u0131klar\u0131n\u0131 dile getirerek patlamada bir vatanda\u015f\u0131m\u0131z\u0131n \u015fehit d\u00fc\u015ft\u00fc\u011f\u00fcn\u00fc bir vatanda\u015f\u0131m\u0131z\u0131n da yaraland\u0131\u011f\u0131n\u0131 belirtti.<\/p>\n<p>\u00d6te yandan Selemiye k\u0131rsal\u0131nda ter\u00f6ristlerin f\u0131rlatt\u0131klar\u0131 roket mermilerinin \u015fans eseri can kayb\u0131na yol a\u00e7mad\u0131\u011f\u0131n\u0131 ifade eden kaynak; burada zarar\u0131n maddi hasarla s\u0131n\u0131rl\u0131 kald\u0131\u011f\u0131n\u0131 beyan etti.<\/p>\n<p>Cemraya Beldesi Muhtar\u0131na Suikast<\/p>\n<p>\u015eam K\u0131rsal\u0131n\u0131n Cemraya Beldesi muhtar\u0131 silahl\u0131 bir ter\u00f6r grubu taraf\u0131ndan ofisinde a\u00e7\u0131lan ate\u015f sonucunda \u015fehit d\u00fc\u015ft\u00fc.<\/p>\n<p>\u015eam Emniyet M\u00fcd\u00fcrl\u00fc\u011f\u00fcnde yetkili bir kaynak ter\u00f6ristlerin, Cemraya Beldesinde muhtar\u0131n \u00f4fisini basarak ate\u015f a\u00e7t\u0131klar\u0131n\u0131 ifade ederek muhtar\u0131n olay yerinde \u015fehit d\u00fc\u015ft\u00fc\u011f\u00fcn\u00fc belirtti.<\/p>\n","protected":false},"excerpt":{"rendered":"<p>\u0130LLER \u2013 Silahl\u0131 ter\u00f6r gruplar\u0131n\u0131n halk\u0131 hedef alan sald\u0131r\u0131 ve faaliyetleri \u00e7er\u00e7evesinde bug\u00fcn \u015eam\u2019\u0131n sivil yerle\u015fim alanlar\u0131ndan M\u00fcctehid Semtini havan mermisiyle hedef ald\u0131lar. \u015eam Emniyet M\u00fcd\u00fcrl\u00fc\u011f\u00fcnde yetkili bir kaynak ter\u00f6ristlerin hain sald\u0131r\u0131lar\u0131 neticesinde bir \u00e7ocuk ve bir vatanda\u015f\u0131n \u015fehit d\u00fc\u015ft\u00fcklerini, aralar\u0131nda bir k\u0131z \u00e7ocu\u011funun da bulundu\u011fu 6 vatanda\u015f\u0131n yaraland\u0131\u011f\u0131n\u0131 aktard\u0131. Hama K\u0131rsal\u0131nda Bombal\u0131 Eylem Hama &hellip;<\/p>\n","protected":false},"author":1,"featured_media":3885,"comment_status":"closed","ping_status":"closed","sticky":false,"template":"","format":"standard","meta":{"footnotes":""},"categories":[479,575,478],"tags":[],"class_list":["post-3883","post","type-post","status-publish","format-standard","has-post-thumbnail","","category-haberler-yerel","category-olaylar-ve-gercekler","category-yerel"],"_links":{"self":[{"href":"https:\/\/archive.sana.sy\/tr\/index.php?rest_route=\/wp\/v2\/posts\/3883","targetHints":{"allow":["GET"]}}],"collection":[{"href":"https:\/\/archive.sana.sy\/tr\/index.php?rest_route=\/wp\/v2\/posts"}],"about":[{"href":"https:\/\/archive.sana.sy\/tr\/index.php?rest_route=\/wp\/v2\/types\/post"}],"author":[{"embeddable":true,"href":"https:\/\/archive.sana.sy\/tr\/index.php?rest_route=\/wp\/v2\/users\/1"}],"replies":[{"embeddable":true,"href":"https:\/\/archive.sana.sy\/tr\/index.php?rest_route=%2Fwp%2Fv2%2Fcomments&post=3883"}],"version-history":[{"count":0,"href":"https:\/\/archive.sana.sy\/tr\/index.php?rest_route=\/wp\/v2\/posts\/3883\/revisions"}],"wp:featuredmedia":[{"embeddable":true,"href":"https:\/\/archive.sana.sy\/tr\/index.php?rest_route=\/wp\/v2\/media\/3885"}],"wp:attachment":[{"href":"https:\/\/archive.sana.sy\/tr\/index.php?rest_route=%2Fwp%2Fv2%2Fmedia&parent=3883"}],"wp:term":[{"taxonomy":"category","embeddable":true,"href":"https:\/\/archive.sana.sy\/tr\/index.php?rest_route=%2Fwp%2Fv2%2Fcategories&post=3883"},{"taxonomy":"post_tag","embeddable":true,"href":"https:\/\/archive.sana.sy\/tr\/index.php?rest_route=%2Fwp%2Fv2%2Ftags&post=3883"}],"curies":[{"name":"wp","href":"https:\/\/api.w.org\/{rel}","templated":true}]}}