{"id":3892,"date":"2014-06-25T17:05:14","date_gmt":"2014-06-25T14:05:14","guid":{"rendered":"http:\/\/www.sana.sy\/tr\/?p=3892"},"modified":"2014-06-26T14:21:12","modified_gmt":"2014-06-26T11:21:12","slug":"firari-askerlerin-kredi-borclarina-iliskin-kararname-onaylandi","status":"publish","type":"post","link":"https:\/\/archive.sana.sy\/tr\/?p=3892","title":{"rendered":"Firari Askerlerin Kredi Bor\u00e7lar\u0131na \u0130li\u015fkin Kararname Onayland\u0131"},"content":{"rendered":"<p>\u015eAM \u2013 Cumhurba\u015fkan\u0131 Be\u015f\u015far el Esad bug\u00fcn; vatani g\u00f6revinden firar eden ve kamu bankalar\u0131ndan kredi alan firari askerlerin ald\u0131klar\u0131 bu kredilerin taksitlerinin kefilleri olan askerlerden kesilmesine son vermeyi \u00f6ng\u00f6ren 2014\/14 say\u0131l\u0131 kararnameyi onaylad\u0131.<\/p>\n<p>Halk Meclisinin 23\/06\/2014 tarihli oturumunda tart\u0131\u015f\u0131p karara ba\u011flamas\u0131 ard\u0131ndan onay i\u00e7in cumhurba\u015fkanl\u0131\u011f\u0131na sevk etti\u011fi s\u00f6z konusu kararname; firari askerlerin devlet bankalar\u0131ndan ald\u0131klar\u0131 kredi taksitlerinin g\u00f6revleri ba\u015f\u0131nda olan, yada firari olmalar\u0131 \u015fart\u0131yla emekli yada \u00f6lm\u00fc\u015f askerlerden kesilmesine son vermeyi \u00f6ng\u00f6r\u00fcyor.<\/p>\n<p>Kararname ayn\u0131 zamanda devlet bankalar\u0131na y\u00fcr\u00fcrl\u00fckteki t\u00fcm kanunlar ve y\u00fcr\u00fcrl\u00fcklere ba\u011fl\u0131 kalmaks\u0131z\u0131n kredi alan firari askerler yada kredi kefili olan firari askerlerden bor\u00e7lar\u0131n\u0131 geri almas\u0131 i\u00e7in menkul ve gayr\u0131 menkul t\u00fcm m\u00fclklerine haciz koyma hakk\u0131 tan\u0131maktad\u0131r.<\/p>\n<p>Kredi alan firari askerler yada firari kefil askerin ad\u0131na menkul yada gayr\u0131 menkul herhangi bir m\u00fclk\u00fcn olmamas\u0131 halinde, bu bor\u00e7lar 8. Bent alt\u0131nda kayda ge\u00e7ip zaman i\u00e7inde adlar\u0131na yada e\u015flerinin veya \u00e7ocuklar\u0131n\u0131n adlar\u0131na herhangi bir m\u00fclk\u00fcn ge\u00e7mesi halinde bu bor\u00e7lar\u0131 geri alma hakk\u0131 do\u011fmaktad\u0131r.<\/p>\n","protected":false},"excerpt":{"rendered":"<p>\u015eAM \u2013 Cumhurba\u015fkan\u0131 Be\u015f\u015far el Esad bug\u00fcn; vatani g\u00f6revinden firar eden ve kamu bankalar\u0131ndan kredi alan firari askerlerin ald\u0131klar\u0131 bu kredilerin taksitlerinin kefilleri olan askerlerden kesilmesine son vermeyi \u00f6ng\u00f6ren 2014\/14 say\u0131l\u0131 kararnameyi onaylad\u0131. Halk Meclisinin 23\/06\/2014 tarihli oturumunda tart\u0131\u015f\u0131p karara ba\u011flamas\u0131 ard\u0131ndan onay i\u00e7in cumhurba\u015fkanl\u0131\u011f\u0131na sevk etti\u011fi s\u00f6z konusu kararname; firari askerlerin devlet bankalar\u0131ndan ald\u0131klar\u0131 &hellip;<\/p>\n","protected":false},"author":1,"featured_media":3896,"comment_status":"closed","ping_status":"closed","sticky":false,"template":"","format":"standard","meta":{"footnotes":""},"categories":[479,605,612,478],"tags":[850],"class_list":["post-3892","post","type-post","status-publish","format-standard","has-post-thumbnail","","category-haberler-yerel","category-sayin-cumhurbaskani","category-yasama-kararnameler","category-yerel","tag-firari-askerlerin-kredi-borclarina-iliskin-kararname-onaylandi"],"_links":{"self":[{"href":"https:\/\/archive.sana.sy\/tr\/index.php?rest_route=\/wp\/v2\/posts\/3892","targetHints":{"allow":["GET"]}}],"collection":[{"href":"https:\/\/archive.sana.sy\/tr\/index.php?rest_route=\/wp\/v2\/posts"}],"about":[{"href":"https:\/\/archive.sana.sy\/tr\/index.php?rest_route=\/wp\/v2\/types\/post"}],"author":[{"embeddable":true,"href":"https:\/\/archive.sana.sy\/tr\/index.php?rest_route=\/wp\/v2\/users\/1"}],"replies":[{"embeddable":true,"href":"https:\/\/archive.sana.sy\/tr\/index.php?rest_route=%2Fwp%2Fv2%2Fcomments&post=3892"}],"version-history":[{"count":0,"href":"https:\/\/archive.sana.sy\/tr\/index.php?rest_route=\/wp\/v2\/posts\/3892\/revisions"}],"wp:featuredmedia":[{"embeddable":true,"href":"https:\/\/archive.sana.sy\/tr\/index.php?rest_route=\/wp\/v2\/media\/3896"}],"wp:attachment":[{"href":"https:\/\/archive.sana.sy\/tr\/index.php?rest_route=%2Fwp%2Fv2%2Fmedia&parent=3892"}],"wp:term":[{"taxonomy":"category","embeddable":true,"href":"https:\/\/archive.sana.sy\/tr\/index.php?rest_route=%2Fwp%2Fv2%2Fcategories&post=3892"},{"taxonomy":"post_tag","embeddable":true,"href":"https:\/\/archive.sana.sy\/tr\/index.php?rest_route=%2Fwp%2Fv2%2Ftags&post=3892"}],"curies":[{"name":"wp","href":"https:\/\/api.w.org\/{rel}","templated":true}]}}