{"id":3898,"date":"2014-06-25T17:05:22","date_gmt":"2014-06-25T14:05:22","guid":{"rendered":"http:\/\/www.sana.sy\/tr\/?p=3898"},"modified":"2014-06-26T12:15:56","modified_gmt":"2014-06-26T09:15:56","slug":"abbas-suriye-halkinin-duydugu-guvenden-dolayi-sizi-tebrik-ediyorum","status":"publish","type":"post","link":"https:\/\/archive.sana.sy\/tr\/?p=3898","title":{"rendered":"Abbas: Suriye Halk\u0131n\u0131n Duydu\u011fu G\u00fcvenden Dolay\u0131 Sizi Tebrik Ediyorum"},"content":{"rendered":"<p>\u015eAM \u2013 Cumhurba\u015fkan\u0131 Be\u015f\u015far el Esad 03 Haziran tarihinde Suriye halk\u0131n\u0131n yo\u011fun kat\u0131l\u0131m\u0131yla yap\u0131lan Cumhurba\u015fkanl\u0131\u011f\u0131 se\u00e7imlerini kazanmas\u0131 m\u00fcnasebetiyle bug\u00fcn Filistin Y\u00f6netimi Ba\u015fkan\u0131 Mahmut Abbas\u2019tan el yaz\u0131s\u0131yla yaz\u0131l\u0131 bir mektup teslim ald\u0131.<\/p>\n<p>Abbas mektubunda el Esad\u2019a; \u201cKarde\u015f Suriye halk\u0131n\u0131n sizi cumhurba\u015fkan\u0131 se\u00e7mesiyle size duydu\u011fu de\u011ferli g\u00fcveninden dolay\u0131 kendi ad\u0131ma ve Filistin halk\u0131 ad\u0131na sizleri tebrik ediyorum..\u201d ifadesini kulland\u0131.<\/p>\n<p>Suriye halk\u0131n\u0131n se\u00e7imlerde el Esad\u2019\u0131 se\u00e7mesinin Suriye&#8217;nin birlik ve egemenli\u011finin korunmas\u0131n\u0131 somutla\u015ft\u0131rd\u0131\u011f\u0131n\u0131 belirten Abbas; ter\u00f6re kar\u015f\u0131 m\u00fccadele krizinden kurtulmas\u0131na da katk\u0131 sa\u011flayaca\u011f\u0131n\u0131 ifade etti.<\/p>\n<p>Filistin Y\u00f6netimi Ba\u015fkan\u0131 Abbas Suriye ve halk\u0131n\u0131n en k\u0131sa zamanda g\u00fcven ve istikrar\u0131na kavu\u015fmas\u0131 temennilerinde bulunarak kalk\u0131nma ve refah dolu bir gelecek dileklerini ifade etti.<\/p>\n<p><span style=\"color: #0000ff\">Irak Fetva Merkezinden Kutlama Mesaj\u0131<\/span><\/p>\n<p>Cumhurba\u015fkan\u0131 el Esad cumhurba\u015fkanl\u0131\u011f\u0131 se\u00e7imlerini kazanmas\u0131 m\u00fcnasebetiyle ayn\u0131 zamanda Irak\u2019ta Genel fetva Merkezinden bir kutlama mesaj\u0131 ald\u0131.<\/p>\n<p>Mesajda Suriye&#8217;nin el Esad\u2019\u0131n y\u00f6netiminde halk\u0131n\u0131n sahip oldu\u011fu birlik ve uyumluluk i\u00e7inde vatan birli\u011fi ve beraberli\u011fini korumas\u0131, m\u00fccadele g\u00fcc\u00fcn\u00fc de peki\u015ftirmesi temennileri ifade edildi.<\/p>\n<p>&nbsp;<\/p>\n","protected":false},"excerpt":{"rendered":"<p>\u015eAM \u2013 Cumhurba\u015fkan\u0131 Be\u015f\u015far el Esad 03 Haziran tarihinde Suriye halk\u0131n\u0131n yo\u011fun kat\u0131l\u0131m\u0131yla yap\u0131lan Cumhurba\u015fkanl\u0131\u011f\u0131 se\u00e7imlerini kazanmas\u0131 m\u00fcnasebetiyle bug\u00fcn Filistin Y\u00f6netimi Ba\u015fkan\u0131 Mahmut Abbas\u2019tan el yaz\u0131s\u0131yla yaz\u0131l\u0131 bir mektup teslim ald\u0131. Abbas mektubunda el Esad\u2019a; \u201cKarde\u015f Suriye halk\u0131n\u0131n sizi cumhurba\u015fkan\u0131 se\u00e7mesiyle size duydu\u011fu de\u011ferli g\u00fcveninden dolay\u0131 kendi ad\u0131ma ve Filistin halk\u0131 ad\u0131na sizleri tebrik ediyorum..\u201d &hellip;<\/p>\n","protected":false},"author":1,"featured_media":3899,"comment_status":"closed","ping_status":"closed","sticky":false,"template":"","format":"standard","meta":{"footnotes":""},"categories":[479,447,605,613,478],"tags":[851],"class_list":["post-3898","post","type-post","status-publish","format-standard","has-post-thumbnail","","category-haberler-yerel","category-politika","category-sayin-cumhurbaskani","category-telgraflar","category-yerel","tag-abbas-suriye-halkinin-duydugu-guvenden-dolayi-sizi-tebrik-ediyorum"],"_links":{"self":[{"href":"https:\/\/archive.sana.sy\/tr\/index.php?rest_route=\/wp\/v2\/posts\/3898","targetHints":{"allow":["GET"]}}],"collection":[{"href":"https:\/\/archive.sana.sy\/tr\/index.php?rest_route=\/wp\/v2\/posts"}],"about":[{"href":"https:\/\/archive.sana.sy\/tr\/index.php?rest_route=\/wp\/v2\/types\/post"}],"author":[{"embeddable":true,"href":"https:\/\/archive.sana.sy\/tr\/index.php?rest_route=\/wp\/v2\/users\/1"}],"replies":[{"embeddable":true,"href":"https:\/\/archive.sana.sy\/tr\/index.php?rest_route=%2Fwp%2Fv2%2Fcomments&post=3898"}],"version-history":[{"count":0,"href":"https:\/\/archive.sana.sy\/tr\/index.php?rest_route=\/wp\/v2\/posts\/3898\/revisions"}],"wp:featuredmedia":[{"embeddable":true,"href":"https:\/\/archive.sana.sy\/tr\/index.php?rest_route=\/wp\/v2\/media\/3899"}],"wp:attachment":[{"href":"https:\/\/archive.sana.sy\/tr\/index.php?rest_route=%2Fwp%2Fv2%2Fmedia&parent=3898"}],"wp:term":[{"taxonomy":"category","embeddable":true,"href":"https:\/\/archive.sana.sy\/tr\/index.php?rest_route=%2Fwp%2Fv2%2Fcategories&post=3898"},{"taxonomy":"post_tag","embeddable":true,"href":"https:\/\/archive.sana.sy\/tr\/index.php?rest_route=%2Fwp%2Fv2%2Ftags&post=3898"}],"curies":[{"name":"wp","href":"https:\/\/api.w.org\/{rel}","templated":true}]}}