{"id":39002,"date":"2015-07-04T16:00:53","date_gmt":"2015-07-04T13:00:53","guid":{"rendered":"http:\/\/sana.sy\/tr\/?p=39002"},"modified":"2015-07-04T15:09:21","modified_gmt":"2015-07-04T12:09:21","slug":"lubnan-ordusu-teroristlerin-saldirisini-puskurttu","status":"publish","type":"post","link":"https:\/\/archive.sana.sy\/tr\/?p=39002","title":{"rendered":"L\u00fcbnan Ordusu Ter\u00f6ristlerin Sald\u0131r\u0131s\u0131n\u0131 P\u00fcsk\u00fcrtt\u00fc"},"content":{"rendered":"<p>BEYRUT \u2013 L\u00fcbnan ordusu bug\u00fcn \u00fclkenin kuzeyinde Suriye s\u0131n\u0131rlar\u0131na yak\u0131n Ersal B\u00f6lgesinde Suriyeli 4 ter\u00f6risti tutuklad\u0131.<\/p>\n<p>L\u00fcbnan ordu komutanl\u0131\u011f\u0131 bug\u00fcn yay\u0131nlad\u0131\u011f\u0131 beyanda ter\u00f6r \u00f6rg\u00fctlere tabi olma su\u00e7uyla Ersal \u2013 Lebva yolu \u00fczerinde tutuklad\u0131\u011f\u0131 4 Suriyeli ter\u00f6ristin kimliklerini a\u00e7\u0131klarken, yarg\u0131 denetiminde sorguya al\u0131nd\u0131klar\u0131n\u0131 ifade etti.<\/p>\n<p>Di\u011fer yandan L\u00fcbnan ordusu gece saatlerinde Ersal Da\u011flar\u0131ndan Ersal Beldesi ve Kuzey Bika k\u00f6ylerine s\u0131zmaya \u00e7al\u0131\u015fan ter\u00f6ristlere kar\u015f\u0131 koyarak onlar\u0131 geri p\u00fcsk\u00fcrtt\u00fc.<\/p>\n<p>L\u00fcbnan\u2019\u0131n resmi Ulusal Enformasyon Haber Ajans\u0131; ordunun Ersal Da\u011flar\u0131n\u0131n do\u011fusu Zarur Vadisinde ter\u00f6ristlerin ara\u00e7 ve hareketlenmelerini top ve makineli silahlarla hedef ald\u0131\u011f\u0131n\u0131 aktard\u0131.<\/p>\n<p>A.A. &#8211; M.M.<\/p>\n","protected":false},"excerpt":{"rendered":"<p>BEYRUT \u2013 L\u00fcbnan ordusu bug\u00fcn \u00fclkenin kuzeyinde Suriye s\u0131n\u0131rlar\u0131na yak\u0131n Ersal B\u00f6lgesinde Suriyeli 4 ter\u00f6risti tutuklad\u0131. L\u00fcbnan ordu komutanl\u0131\u011f\u0131 bug\u00fcn yay\u0131nlad\u0131\u011f\u0131 beyanda ter\u00f6r \u00f6rg\u00fctlere tabi olma su\u00e7uyla Ersal \u2013 Lebva yolu \u00fczerinde tutuklad\u0131\u011f\u0131 4 Suriyeli ter\u00f6ristin kimliklerini a\u00e7\u0131klarken, yarg\u0131 denetiminde sorguya al\u0131nd\u0131klar\u0131n\u0131 ifade etti. Di\u011fer yandan L\u00fcbnan ordusu gece saatlerinde Ersal Da\u011flar\u0131ndan Ersal Beldesi ve &hellip;<\/p>\n","protected":false},"author":1,"featured_media":39005,"comment_status":"closed","ping_status":"closed","sticky":false,"template":"","format":"standard","meta":{"footnotes":""},"categories":[458,459,447],"tags":[15594],"class_list":["post-39002","post","type-post","status-publish","format-standard","has-post-thumbnail","","category-dunya1","category-haberler-arap-uluslararasi-politika","category-politika","tag-lubnan-ordusu-teroristlerin-saldirisini-puskurttu"],"_links":{"self":[{"href":"https:\/\/archive.sana.sy\/tr\/index.php?rest_route=\/wp\/v2\/posts\/39002","targetHints":{"allow":["GET"]}}],"collection":[{"href":"https:\/\/archive.sana.sy\/tr\/index.php?rest_route=\/wp\/v2\/posts"}],"about":[{"href":"https:\/\/archive.sana.sy\/tr\/index.php?rest_route=\/wp\/v2\/types\/post"}],"author":[{"embeddable":true,"href":"https:\/\/archive.sana.sy\/tr\/index.php?rest_route=\/wp\/v2\/users\/1"}],"replies":[{"embeddable":true,"href":"https:\/\/archive.sana.sy\/tr\/index.php?rest_route=%2Fwp%2Fv2%2Fcomments&post=39002"}],"version-history":[{"count":0,"href":"https:\/\/archive.sana.sy\/tr\/index.php?rest_route=\/wp\/v2\/posts\/39002\/revisions"}],"wp:featuredmedia":[{"embeddable":true,"href":"https:\/\/archive.sana.sy\/tr\/index.php?rest_route=\/wp\/v2\/media\/39005"}],"wp:attachment":[{"href":"https:\/\/archive.sana.sy\/tr\/index.php?rest_route=%2Fwp%2Fv2%2Fmedia&parent=39002"}],"wp:term":[{"taxonomy":"category","embeddable":true,"href":"https:\/\/archive.sana.sy\/tr\/index.php?rest_route=%2Fwp%2Fv2%2Fcategories&post=39002"},{"taxonomy":"post_tag","embeddable":true,"href":"https:\/\/archive.sana.sy\/tr\/index.php?rest_route=%2Fwp%2Fv2%2Ftags&post=39002"}],"curies":[{"name":"wp","href":"https:\/\/api.w.org\/{rel}","templated":true}]}}