{"id":39012,"date":"2015-07-04T16:10:08","date_gmt":"2015-07-04T13:10:08","guid":{"rendered":"http:\/\/sana.sy\/tr\/?p=39012"},"modified":"2015-07-04T15:35:32","modified_gmt":"2015-07-04T12:35:32","slug":"hangi-devletlerin-nasil-destek-verdikleri-belgelerle-kanitlanmis","status":"publish","type":"post","link":"https:\/\/archive.sana.sy\/tr\/?p=39012","title":{"rendered":"Hangi Devletlerin Nas\u0131l Destek Verdikleri Belgelerle Kan\u0131tlanm\u0131\u015f"},"content":{"rendered":"<p>ROMA \u2013 \u0130talyan Milletvekili Manilow de Stefano \u0130talya h\u00fck\u00fcmetinden Suriye ile diplomatik ili\u015fkilerini yeniden ba\u015flatma, Suriye&#8217;ye kar\u015f\u0131 tarafl\u0131 tutumlar\u0131 ve ger\u00e7ek\u00e7i olmayan se\u00e7eneklerini yeniden g\u00f6zden ge\u00e7irip d\u00fczeltmesini talep etti.<\/p>\n<p>\u0130talya D\u0131\u015fi\u015fleri Bakan\u0131 Paulo Genthelony\u2019e g\u00f6nderdi\u011fi gensoruda de Stefano \u0130talya h\u00fck\u00fcmetinden ayr\u0131ca T\u00fcrkiye dahil ter\u00f6re finans silah yada herhangi bir \u015fekilde destek veren devletlerin bu y\u0131k\u0131c\u0131 rollerine son vermelerine zorlayacak icraatlar almas\u0131n\u0131 talep etti.<\/p>\n<p>\u0130talyan milletvekili de Stefano Suriye&#8217;nin 2011 y\u0131l\u0131ndan beri d\u00fcnyan\u0131n 89 devletinden toplanan ve ba\u015fkalar\u0131 ad\u0131na vekaleten \u00f6l\u00fcm ve y\u0131k\u0131m eylemlerinde bulunan ter\u00f6ristlere kar\u015f\u0131 sava\u015ft\u0131\u011f\u0131n\u0131 belirtti. Bu sava\u015fta I\u015e\u0130D ve Kaide \u00d6rg\u00fct\u00fcn\u00fcn Suriye kolu Nusra Cephesi gibi \u00f6rg\u00fctlerin b\u00fcy\u00fcme ve geni\u015fleme tehlikesine dikkat \u00e7eken de Stefano; t\u00fcm bu ter\u00f6ristlere hangi devlet taraf\u0131ndan nas\u0131l destek verildi\u011finin belgelerle kan\u0131tlanm\u0131\u015f oldu\u011funu ifade etti.<\/p>\n<p>De Stefano T\u00fcrkiye rejimi ve istihbarat cihaz\u0131n\u0131n d\u00fcnyan\u0131n muhtelif b\u00f6lgelerinden gelen ter\u00f6rist ve silahlar\u0131n Suriye&#8217;ye ge\u00e7i\u015finde parma\u011f\u0131 oldu\u011funa dikkat \u00e7ekti. T\u00fcrkiye&#8217;nin ayn\u0131 zamanda I\u015e\u0130D\u2019in \u00e7ald\u0131\u011f\u0131 petrol ve tarihi eserleri ka\u00e7\u0131r\u0131p satmas\u0131nda da parma\u011f\u0131 oldu\u011funu belirten de Stefano; bu yasa d\u0131\u015f\u0131 ticaretle I\u015e\u0130D\u2019in sa\u011flad\u0131\u011f\u0131 finans\u0131n \u00f6nemine i\u015faret etti.<\/p>\n<p>\u00dcrd\u00fcn ve \u0130srail&#8217;in de ter\u00f6ristlere desteklerine \u0131\u015f\u0131k tutan de Stefano; ABD komutas\u0131nda te\u015fkil edilen koalisyonun ise I\u015e\u0130D\u2019in bir\u00e7ok b\u00f6lgeyi ele ge\u00e7irmesine g\u00f6z g\u00f6re g\u00f6re izin verdi\u011fine dikkat \u00e7ekti.<\/p>\n<p>\u2018Muhalefet koalisyonu\u2019 ad\u0131yla bilinen olu\u015fuma ili\u015fkin ise de Stefano; bu olu\u015fumun i\u00e7 b\u00f6l\u00fcnmeler, mali yolsuzluk ve skandallarla telef oldu\u011funu s\u00f6yledi. De Stefano s\u00f6z konusu bu olu\u015fumun ayr\u0131ca Suriye dahilinde \u00e7ok az d\u00fczeyde halk taban\u0131na sahip oldu\u011funa dikkat \u00e7ekti.<\/p>\n<p>De Stefano \u2018\u00d6SO\u2019 konusunda ise; bu olu\u015fumun Suriye&#8217;de her t\u00fcrl\u00fc vah\u015feti i\u015fleyen di\u011fer ter\u00f6r \u00f6rg\u00fctlerinden hi\u00e7bir fark\u0131 olmad\u0131\u011f\u0131n\u0131 ve onlar\u0131n b\u00f6l\u00fcnmez bir par\u00e7as\u0131 oldu\u011funun alt\u0131n\u0131 \u00e7izdi.<\/p>\n<p>A.A. &#8211; M.M.<\/p>\n","protected":false},"excerpt":{"rendered":"<p>ROMA \u2013 \u0130talyan Milletvekili Manilow de Stefano \u0130talya h\u00fck\u00fcmetinden Suriye ile diplomatik ili\u015fkilerini yeniden ba\u015flatma, Suriye&#8217;ye kar\u015f\u0131 tarafl\u0131 tutumlar\u0131 ve ger\u00e7ek\u00e7i olmayan se\u00e7eneklerini yeniden g\u00f6zden ge\u00e7irip d\u00fczeltmesini talep etti. \u0130talya D\u0131\u015fi\u015fleri Bakan\u0131 Paulo Genthelony\u2019e g\u00f6nderdi\u011fi gensoruda de Stefano \u0130talya h\u00fck\u00fcmetinden ayr\u0131ca T\u00fcrkiye dahil ter\u00f6re finans silah yada herhangi bir \u015fekilde destek veren devletlerin bu y\u0131k\u0131c\u0131 &hellip;<\/p>\n","protected":false},"author":1,"featured_media":39014,"comment_status":"closed","ping_status":"closed","sticky":false,"template":"","format":"standard","meta":{"footnotes":""},"categories":[458,459,447,2554,2555],"tags":[15596],"class_list":["post-39012","post","type-post","status-publish","format-standard","has-post-thumbnail","","category-dunya1","category-haberler-arap-uluslararasi-politika","category-politika","category-suriye-ve-dunya","category-suriye-ve-turkiye","tag-hangi-devletlerin-nasil-destek-verdikleri-belgelerle-kanitlanmis"],"_links":{"self":[{"href":"https:\/\/archive.sana.sy\/tr\/index.php?rest_route=\/wp\/v2\/posts\/39012","targetHints":{"allow":["GET"]}}],"collection":[{"href":"https:\/\/archive.sana.sy\/tr\/index.php?rest_route=\/wp\/v2\/posts"}],"about":[{"href":"https:\/\/archive.sana.sy\/tr\/index.php?rest_route=\/wp\/v2\/types\/post"}],"author":[{"embeddable":true,"href":"https:\/\/archive.sana.sy\/tr\/index.php?rest_route=\/wp\/v2\/users\/1"}],"replies":[{"embeddable":true,"href":"https:\/\/archive.sana.sy\/tr\/index.php?rest_route=%2Fwp%2Fv2%2Fcomments&post=39012"}],"version-history":[{"count":0,"href":"https:\/\/archive.sana.sy\/tr\/index.php?rest_route=\/wp\/v2\/posts\/39012\/revisions"}],"wp:featuredmedia":[{"embeddable":true,"href":"https:\/\/archive.sana.sy\/tr\/index.php?rest_route=\/wp\/v2\/media\/39014"}],"wp:attachment":[{"href":"https:\/\/archive.sana.sy\/tr\/index.php?rest_route=%2Fwp%2Fv2%2Fmedia&parent=39012"}],"wp:term":[{"taxonomy":"category","embeddable":true,"href":"https:\/\/archive.sana.sy\/tr\/index.php?rest_route=%2Fwp%2Fv2%2Fcategories&post=39012"},{"taxonomy":"post_tag","embeddable":true,"href":"https:\/\/archive.sana.sy\/tr\/index.php?rest_route=%2Fwp%2Fv2%2Ftags&post=39012"}],"curies":[{"name":"wp","href":"https:\/\/api.w.org\/{rel}","templated":true}]}}