{"id":39025,"date":"2015-07-04T16:21:55","date_gmt":"2015-07-04T13:21:55","guid":{"rendered":"http:\/\/sana.sy\/tr\/?p=39025"},"modified":"2015-07-04T16:27:01","modified_gmt":"2015-07-04T13:27:01","slug":"arap-devletleri-duzeyinde-bir-ilk-sayiliyor","status":"publish","type":"post","link":"https:\/\/archive.sana.sy\/tr\/?p=39025","title":{"rendered":"Arap Devletleri D\u00fczeyinde Bir \u0130lk Say\u0131l\u0131yor"},"content":{"rendered":"<p>\u015eAM \u2013 Suriye Yay\u0131nc\u0131lar Birli\u011finin ge\u00e7en \u015eubat ay\u0131n\u0131n 9\u2019unda M\u0131s\u0131r Yay\u0131nc\u0131lar Birli\u011fi ile imzalad\u0131\u011f\u0131 i\u015fbirli\u011fi protokol\u00fc nihayet y\u00fcr\u00fcrl\u00fc\u011fe girdi.<\/p>\n<p>Suriye Yay\u0131nc\u0131lar Birli\u011fi Ba\u015fkan\u0131 Heysem Muvaffak Haf\u0131z SANA\u2019ya yapt\u0131\u011f\u0131 a\u00e7\u0131klamada M\u0131s\u0131r\u2019a son olarak bulundu\u011fu ziyaretinde Suriye ve M\u0131s\u0131r yay\u0131nc\u0131lar birlikleri aras\u0131nda ge\u00e7en \u015eubat ay\u0131nda imzalanan i\u015fbirli\u011fi protokol\u00fcn\u00fc hayata ge\u00e7irmeyi ba\u015fard\u0131\u011f\u0131n\u0131 s\u00f6yledi. Haf\u0131z bu protokol kapsam\u0131nda Suriyeli yay\u0131nc\u0131lar\u0131n \u00f6n\u00fcm\u00fczdeki y\u0131l\u0131n ba\u015flar\u0131nda Kahire&#8217;de d\u00fczenlenecek ulusla arars\u0131 kitap fuar\u0131na kat\u0131lmalar\u0131 i\u00e7in gerekli haz\u0131rl\u0131klara ba\u015fland\u0131\u011f\u0131n\u0131 belirtti.<\/p>\n<p>Protokol\u00fcn iki \u00fclkedeki yay\u0131nc\u0131lar aras\u0131ndaki ili\u015fki ve ba\u011flar\u0131 peki\u015ftirme amac\u0131 ta\u015f\u0131d\u0131\u011f\u0131n\u0131 ifade eden Muvaffak; ayn\u0131 zamanda M\u0131s\u0131r ve Suriye yay\u0131nc\u0131lar birliklerinin Arap ulusunun b\u00fct\u00fcn\u00fcnde \u00f6nc\u00fc misyonlar\u0131n\u0131 g\u00fc\u00e7lendirmeyi hedefledi\u011fini s\u00f6yledi. Muvaffak b\u00f6ylece Arap \u2013 Arap ili\u015fkileri ve bunun arac\u0131l\u0131\u011f\u0131yla da Arap \u2013 uluslar aras\u0131 ili\u015fkilerin peki\u015ftirilece\u011fini s\u00f6zlerine ekledi.<\/p>\n<p>Muvaffak protokol\u00fcn iki \u00fclkede nitelik ve i\u00e7erik a\u00e7\u0131s\u0131ndan geli\u015ftirmeyi ama\u00e7lad\u0131\u011f\u0131n\u0131, Arap devletlerinde mevcut meydan okumalar\u0131 ve tehlikelere kar\u015f\u0131 koyma ve toplumun bilin\u00e7lendirilmesinde kitab\u0131n rol\u00fcn\u00fc etkinle\u015ftirmeyi ama\u00e7lad\u0131\u011f\u0131n\u0131 kaydetti.<\/p>\n<p>Suriye Yay\u0131nc\u0131lar Birli\u011fi Ba\u015fkan\u0131 Muvaffak; yay\u0131nc\u0131lara destek sa\u011flamakla birlikte ortak \u00e7al\u0131\u015fmalarda bulunmay\u0131 hedefleyen 3 y\u0131l s\u00fcreli protokol\u00fcn Arap devletleri aras\u0131nda bir ilk oldu\u011funa dikkat \u00e7ekti.<\/p>\n<p>A.A. &#8211; M.M.<\/p>\n","protected":false},"excerpt":{"rendered":"<p>\u015eAM \u2013 Suriye Yay\u0131nc\u0131lar Birli\u011finin ge\u00e7en \u015eubat ay\u0131n\u0131n 9\u2019unda M\u0131s\u0131r Yay\u0131nc\u0131lar Birli\u011fi ile imzalad\u0131\u011f\u0131 i\u015fbirli\u011fi protokol\u00fc nihayet y\u00fcr\u00fcrl\u00fc\u011fe girdi. Suriye Yay\u0131nc\u0131lar Birli\u011fi Ba\u015fkan\u0131 Heysem Muvaffak Haf\u0131z SANA\u2019ya yapt\u0131\u011f\u0131 a\u00e7\u0131klamada M\u0131s\u0131r\u2019a son olarak bulundu\u011fu ziyaretinde Suriye ve M\u0131s\u0131r yay\u0131nc\u0131lar birlikleri aras\u0131nda ge\u00e7en \u015eubat ay\u0131nda imzalanan i\u015fbirli\u011fi protokol\u00fcn\u00fc hayata ge\u00e7irmeyi ba\u015fard\u0131\u011f\u0131n\u0131 s\u00f6yledi. Haf\u0131z bu protokol kapsam\u0131nda Suriyeli &hellip;<\/p>\n","protected":false},"author":1,"featured_media":39029,"comment_status":"closed","ping_status":"closed","sticky":false,"template":"","format":"standard","meta":{"footnotes":""},"categories":[516,511],"tags":[15598],"class_list":["post-39025","post","type-post","status-publish","format-standard","has-post-thumbnail","","category-haberler-kultur-ve-sanat","category-kultur-ve-sanat","tag-arap-devletleri-duzeyinde-bir-ilk-sayiliyor"],"_links":{"self":[{"href":"https:\/\/archive.sana.sy\/tr\/index.php?rest_route=\/wp\/v2\/posts\/39025","targetHints":{"allow":["GET"]}}],"collection":[{"href":"https:\/\/archive.sana.sy\/tr\/index.php?rest_route=\/wp\/v2\/posts"}],"about":[{"href":"https:\/\/archive.sana.sy\/tr\/index.php?rest_route=\/wp\/v2\/types\/post"}],"author":[{"embeddable":true,"href":"https:\/\/archive.sana.sy\/tr\/index.php?rest_route=\/wp\/v2\/users\/1"}],"replies":[{"embeddable":true,"href":"https:\/\/archive.sana.sy\/tr\/index.php?rest_route=%2Fwp%2Fv2%2Fcomments&post=39025"}],"version-history":[{"count":0,"href":"https:\/\/archive.sana.sy\/tr\/index.php?rest_route=\/wp\/v2\/posts\/39025\/revisions"}],"wp:featuredmedia":[{"embeddable":true,"href":"https:\/\/archive.sana.sy\/tr\/index.php?rest_route=\/wp\/v2\/media\/39029"}],"wp:attachment":[{"href":"https:\/\/archive.sana.sy\/tr\/index.php?rest_route=%2Fwp%2Fv2%2Fmedia&parent=39025"}],"wp:term":[{"taxonomy":"category","embeddable":true,"href":"https:\/\/archive.sana.sy\/tr\/index.php?rest_route=%2Fwp%2Fv2%2Fcategories&post=39025"},{"taxonomy":"post_tag","embeddable":true,"href":"https:\/\/archive.sana.sy\/tr\/index.php?rest_route=%2Fwp%2Fv2%2Ftags&post=39025"}],"curies":[{"name":"wp","href":"https:\/\/api.w.org\/{rel}","templated":true}]}}