{"id":3903,"date":"2014-06-25T15:42:31","date_gmt":"2014-06-25T12:42:31","guid":{"rendered":"http:\/\/www.sana.sy\/tr\/?p=3903"},"modified":"2014-06-25T15:42:31","modified_gmt":"2014-06-25T12:42:31","slug":"avusturyali-teroristler-turkiye-uzerinden-girdi","status":"publish","type":"post","link":"https:\/\/archive.sana.sy\/tr\/?p=3903","title":{"rendered":"Avusturyal\u0131 Ter\u00f6ristler T\u00fcrkiye \u00dczerinden Girdi"},"content":{"rendered":"<p>V\u0130YANA \u2013 Avusturya&#8217;n\u0131n ba\u015fkenti Viyana&#8217;da Ter\u00f6rle M\u00fccadele Ofisinin haz\u0131rlad\u0131\u011f\u0131 bir raporda; Bosna, \u00c7e\u00e7en ve T\u00fcrk as\u0131ll\u0131 100\u2019den fazla Avusturyal\u0131 ter\u00f6ristin e\u011fitilip \u00f6rg\u00fctlenmeleri ard\u0131ndan Suriye&#8217;deki silahl\u0131 ter\u00f6r gruplar\u0131 saflar\u0131nda eylemlere kat\u0131lmalar\u0131 amac\u0131yla T\u00fcrkiye \u00fczerinden Suriye&#8217;ye g\u00f6nderildiklerini ortaya \u00e7\u0131kard\u0131.<\/p>\n<p>Raporda bu ter\u00f6ristlerin Avusturya\u2019ya geri d\u00f6nme tehlikesine kar\u015f\u0131 uyar\u0131 yap\u0131l\u0131rken, ta\u015f\u0131d\u0131klar\u0131 radikal d\u00fc\u015f\u00fcnceler ve ter\u00f6r deneyimlerine dikkat \u00e7ekildi.<\/p>\n<p>Avusturya\u2019dan giden ve Suriye&#8217;de ter\u00f6r gruplar\u0131 saflar\u0131nda \u00e7at\u0131\u015fan ter\u00f6ristlerin b\u00fcy\u00fck \u00e7o\u011funlu\u011funun Bosna, Balkan ve \u00c7e\u00e7en as\u0131ll\u0131 olduklar\u0131na vurgu yap\u0131lan raporda Avusturya \u0130\u00e7i\u015fleri Bakanl\u0131\u011f\u0131na gelen raporlarda Bosna ve Hersek\u2019in k\u0131rsal alanlar\u0131nda gen\u00e7lerin e\u011fitilmeleri ve \u00f6rg\u00fctlenmeleri ard\u0131ndan Suriye&#8217;de ter\u00f6r gruplar\u0131na g\u00f6nderilmeleri y\u00f6n\u00fcnde t\u00fcm kolayl\u0131klar\u0131n yap\u0131ld\u0131\u011f\u0131n\u0131n ifade edildi\u011fine dikkat \u00e7ekildi.<\/p>\n","protected":false},"excerpt":{"rendered":"<p>V\u0130YANA \u2013 Avusturya&#8217;n\u0131n ba\u015fkenti Viyana&#8217;da Ter\u00f6rle M\u00fccadele Ofisinin haz\u0131rlad\u0131\u011f\u0131 bir raporda; Bosna, \u00c7e\u00e7en ve T\u00fcrk as\u0131ll\u0131 100\u2019den fazla Avusturyal\u0131 ter\u00f6ristin e\u011fitilip \u00f6rg\u00fctlenmeleri ard\u0131ndan Suriye&#8217;deki silahl\u0131 ter\u00f6r gruplar\u0131 saflar\u0131nda eylemlere kat\u0131lmalar\u0131 amac\u0131yla T\u00fcrkiye \u00fczerinden Suriye&#8217;ye g\u00f6nderildiklerini ortaya \u00e7\u0131kard\u0131. Raporda bu ter\u00f6ristlerin Avusturya\u2019ya geri d\u00f6nme tehlikesine kar\u015f\u0131 uyar\u0131 yap\u0131l\u0131rken, ta\u015f\u0131d\u0131klar\u0131 radikal d\u00fc\u015f\u00fcnceler ve ter\u00f6r deneyimlerine dikkat \u00e7ekildi. &hellip;<\/p>\n","protected":false},"author":1,"featured_media":3904,"comment_status":"closed","ping_status":"closed","sticky":false,"template":"","format":"standard","meta":{"footnotes":""},"categories":[458,575],"tags":[852],"class_list":["post-3903","post","type-post","status-publish","format-standard","has-post-thumbnail","","category-dunya1","category-olaylar-ve-gercekler","tag-avusturyali-teroristler-turkiye-uzerinden-girdi"],"_links":{"self":[{"href":"https:\/\/archive.sana.sy\/tr\/index.php?rest_route=\/wp\/v2\/posts\/3903","targetHints":{"allow":["GET"]}}],"collection":[{"href":"https:\/\/archive.sana.sy\/tr\/index.php?rest_route=\/wp\/v2\/posts"}],"about":[{"href":"https:\/\/archive.sana.sy\/tr\/index.php?rest_route=\/wp\/v2\/types\/post"}],"author":[{"embeddable":true,"href":"https:\/\/archive.sana.sy\/tr\/index.php?rest_route=\/wp\/v2\/users\/1"}],"replies":[{"embeddable":true,"href":"https:\/\/archive.sana.sy\/tr\/index.php?rest_route=%2Fwp%2Fv2%2Fcomments&post=3903"}],"version-history":[{"count":0,"href":"https:\/\/archive.sana.sy\/tr\/index.php?rest_route=\/wp\/v2\/posts\/3903\/revisions"}],"wp:featuredmedia":[{"embeddable":true,"href":"https:\/\/archive.sana.sy\/tr\/index.php?rest_route=\/wp\/v2\/media\/3904"}],"wp:attachment":[{"href":"https:\/\/archive.sana.sy\/tr\/index.php?rest_route=%2Fwp%2Fv2%2Fmedia&parent=3903"}],"wp:term":[{"taxonomy":"category","embeddable":true,"href":"https:\/\/archive.sana.sy\/tr\/index.php?rest_route=%2Fwp%2Fv2%2Fcategories&post=3903"},{"taxonomy":"post_tag","embeddable":true,"href":"https:\/\/archive.sana.sy\/tr\/index.php?rest_route=%2Fwp%2Fv2%2Ftags&post=3903"}],"curies":[{"name":"wp","href":"https:\/\/api.w.org\/{rel}","templated":true}]}}