{"id":3906,"date":"2014-06-25T15:45:37","date_gmt":"2014-06-25T12:45:37","guid":{"rendered":"http:\/\/www.sana.sy\/tr\/?p=3906"},"modified":"2014-06-25T15:45:37","modified_gmt":"2014-06-25T12:45:37","slug":"maliki-iraka-dusman-taraflar-ittifak-kurup-teroru-destekliyorlar","status":"publish","type":"post","link":"https:\/\/archive.sana.sy\/tr\/?p=3906","title":{"rendered":"Maliki: Irak\u2019a D\u00fc\u015fman Taraflar \u0130ttifak Kurup Ter\u00f6r\u00fc Destekliyorlar"},"content":{"rendered":"<p>BA\u011eDAT \u2013 Irak Ba\u015fbakan\u0131 Nuri el Maliki, bug\u00fcn yapt\u0131\u011f\u0131 haftal\u0131k ulusa sesleni\u015finde; Irak\u2019\u0131n maruz kald\u0131\u011f\u0131 vah\u015fi ter\u00f6r sald\u0131r\u0131lar\u0131n\u0131n kimi kom\u015fu devletler taraf\u0131ndan destek ve te\u015fvik g\u00f6rd\u00fc\u011f\u00fcn\u00fc ifade etti.<\/p>\n<p>Irak\u2019a d\u00fc\u015fman kimi taraflar\u0131n ittifak kurarak Irak\u2019\u0131 ve ba\u011f\u0131ms\u0131zl\u0131\u011f\u0131n\u0131 par\u00e7alamaya \u00e7al\u0131\u015ft\u0131klar\u0131n\u0131 dile getiren Maliki; bu m\u00fcttefiklerin yeni demokrasi deneyimlerine tahamm\u00fclleri bulunmad\u0131\u011f\u0131n\u0131n alt\u0131n\u0131 \u00e7izdi.<\/p>\n","protected":false},"excerpt":{"rendered":"<p>BA\u011eDAT \u2013 Irak Ba\u015fbakan\u0131 Nuri el Maliki, bug\u00fcn yapt\u0131\u011f\u0131 haftal\u0131k ulusa sesleni\u015finde; Irak\u2019\u0131n maruz kald\u0131\u011f\u0131 vah\u015fi ter\u00f6r sald\u0131r\u0131lar\u0131n\u0131n kimi kom\u015fu devletler taraf\u0131ndan destek ve te\u015fvik g\u00f6rd\u00fc\u011f\u00fcn\u00fc ifade etti. Irak\u2019a d\u00fc\u015fman kimi taraflar\u0131n ittifak kurarak Irak\u2019\u0131 ve ba\u011f\u0131ms\u0131zl\u0131\u011f\u0131n\u0131 par\u00e7alamaya \u00e7al\u0131\u015ft\u0131klar\u0131n\u0131 dile getiren Maliki; bu m\u00fcttefiklerin yeni demokrasi deneyimlerine tahamm\u00fclleri bulunmad\u0131\u011f\u0131n\u0131n alt\u0131n\u0131 \u00e7izdi.<\/p>\n","protected":false},"author":1,"featured_media":3907,"comment_status":"closed","ping_status":"closed","sticky":false,"template":"","format":"standard","meta":{"footnotes":""},"categories":[458,459,447,584],"tags":[853],"class_list":["post-3906","post","type-post","status-publish","format-standard","has-post-thumbnail","","category-dunya1","category-haberler-arap-uluslararasi-politika","category-politika","category-yurtdisinda-sana-ofisleri","tag-maliki-iraka-dusman-taraflar-ittifak-kurup-teroru-destekliyorlar"],"_links":{"self":[{"href":"https:\/\/archive.sana.sy\/tr\/index.php?rest_route=\/wp\/v2\/posts\/3906","targetHints":{"allow":["GET"]}}],"collection":[{"href":"https:\/\/archive.sana.sy\/tr\/index.php?rest_route=\/wp\/v2\/posts"}],"about":[{"href":"https:\/\/archive.sana.sy\/tr\/index.php?rest_route=\/wp\/v2\/types\/post"}],"author":[{"embeddable":true,"href":"https:\/\/archive.sana.sy\/tr\/index.php?rest_route=\/wp\/v2\/users\/1"}],"replies":[{"embeddable":true,"href":"https:\/\/archive.sana.sy\/tr\/index.php?rest_route=%2Fwp%2Fv2%2Fcomments&post=3906"}],"version-history":[{"count":0,"href":"https:\/\/archive.sana.sy\/tr\/index.php?rest_route=\/wp\/v2\/posts\/3906\/revisions"}],"wp:featuredmedia":[{"embeddable":true,"href":"https:\/\/archive.sana.sy\/tr\/index.php?rest_route=\/wp\/v2\/media\/3907"}],"wp:attachment":[{"href":"https:\/\/archive.sana.sy\/tr\/index.php?rest_route=%2Fwp%2Fv2%2Fmedia&parent=3906"}],"wp:term":[{"taxonomy":"category","embeddable":true,"href":"https:\/\/archive.sana.sy\/tr\/index.php?rest_route=%2Fwp%2Fv2%2Fcategories&post=3906"},{"taxonomy":"post_tag","embeddable":true,"href":"https:\/\/archive.sana.sy\/tr\/index.php?rest_route=%2Fwp%2Fv2%2Ftags&post=3906"}],"curies":[{"name":"wp","href":"https:\/\/api.w.org\/{rel}","templated":true}]}}