{"id":39078,"date":"2015-07-05T09:53:45","date_gmt":"2015-07-05T06:53:45","guid":{"rendered":"http:\/\/sana.sy\/tr\/?p=39078"},"modified":"2015-07-05T09:53:45","modified_gmt":"2015-07-05T06:53:45","slug":"velayati-iranin-suriyeye-tam-desteginin-surdugunu-yineledi","status":"publish","type":"post","link":"https:\/\/archive.sana.sy\/tr\/?p=39078","title":{"rendered":"Velayati \u0130ran\u2019\u0131n Suriye\u2019ye Tam Deste\u011finin S\u00fcrd\u00fc\u011f\u00fcn\u00fc Yineledi"},"content":{"rendered":"<p>TAHRAN \u2013 \u0130ran \u0130slam Devrimi \u00d6nderi M\u00fcste\u015far\u0131 Ali Ekber Velayati, \u0130ran\u2019\u0131n ter\u00f6rle m\u00fccadelede Suriye h\u00fck\u00fcmeti ve halk\u0131na tam deste\u011fini s\u00fcrd\u00fcrd\u00fc\u011f\u00fcn\u00fc yineledi.<\/p>\n<p>\u0130ran\u2019da yay\u0131nlanan Keyhan Gazetesine d\u00fcn yapt\u0131\u011f\u0131 a\u00e7\u0131klamada gerici Arap devletlerin, ABD ve Siyonist olu\u015fumun b\u00fct\u00fcn giri\u015fimlerine ra\u011fmen Suriye\u2019nin y\u0131k\u0131lmad\u0131\u011f\u0131n\u0131 tam tersine g\u00fcnden g\u00fcne g\u00fcc\u00fcn\u00fcn artt\u0131\u011f\u0131n\u0131 dile getirerek \u0130ran\u2019\u0131n Suriye ve Irak\u2019ta me\u015fru olan h\u00fck\u00fcmetleri ve halklar\u0131 ter\u00f6rle m\u00fccadelede desteklemeyi s\u00fcrd\u00fcrd\u00fc\u011f\u00fcn\u00fc vurgulad\u0131.<\/p>\n<p>Gerici Arap devletleri, ABD ve Siyonist olu\u015fumun b\u00f6lgede ter\u00f6r\u00fc destekledi\u011fini vurguyla hat\u0131rlatan Velayati, Washington\u2019un ter\u00f6r\u00fc destekleyerek ve radikal ter\u00f6r \u00f6rg\u00fctlerine askeri e\u011fitim olana\u011f\u0131 sa\u011flarken, Tahran\u2019la ilgili kulland\u0131\u011f\u0131 kavramlar\u0131n komik geldi\u011fini belirtti.<\/p>\n<p>F.B. &#8211; R.H.<\/p>\n","protected":false},"excerpt":{"rendered":"<p>TAHRAN \u2013 \u0130ran \u0130slam Devrimi \u00d6nderi M\u00fcste\u015far\u0131 Ali Ekber Velayati, \u0130ran\u2019\u0131n ter\u00f6rle m\u00fccadelede Suriye h\u00fck\u00fcmeti ve halk\u0131na tam deste\u011fini s\u00fcrd\u00fcrd\u00fc\u011f\u00fcn\u00fc yineledi. \u0130ran\u2019da yay\u0131nlanan Keyhan Gazetesine d\u00fcn yapt\u0131\u011f\u0131 a\u00e7\u0131klamada gerici Arap devletlerin, ABD ve Siyonist olu\u015fumun b\u00fct\u00fcn giri\u015fimlerine ra\u011fmen Suriye\u2019nin y\u0131k\u0131lmad\u0131\u011f\u0131n\u0131 tam tersine g\u00fcnden g\u00fcne g\u00fcc\u00fcn\u00fcn artt\u0131\u011f\u0131n\u0131 dile getirerek \u0130ran\u2019\u0131n Suriye ve Irak\u2019ta me\u015fru olan h\u00fck\u00fcmetleri &hellip;<\/p>\n","protected":false},"author":1,"featured_media":5668,"comment_status":"closed","ping_status":"closed","sticky":false,"template":"","format":"standard","meta":{"footnotes":""},"categories":[458,459,447],"tags":[15609,15608],"class_list":["post-39078","post","type-post","status-publish","format-standard","has-post-thumbnail","","category-dunya1","category-haberler-arap-uluslararasi-politika","category-politika","tag-iranin-terorle-mucadelede-suriye-hukumeti-ve-halkina-tam-destegini-surdurdugunu-yineledi","tag-velayati-iranin-suriyeye-tam-desteginin-surdugunu-yineledi-tahran-iran-islam-devrimi-onderi-mustesari-ali-ekber-velayati"],"_links":{"self":[{"href":"https:\/\/archive.sana.sy\/tr\/index.php?rest_route=\/wp\/v2\/posts\/39078","targetHints":{"allow":["GET"]}}],"collection":[{"href":"https:\/\/archive.sana.sy\/tr\/index.php?rest_route=\/wp\/v2\/posts"}],"about":[{"href":"https:\/\/archive.sana.sy\/tr\/index.php?rest_route=\/wp\/v2\/types\/post"}],"author":[{"embeddable":true,"href":"https:\/\/archive.sana.sy\/tr\/index.php?rest_route=\/wp\/v2\/users\/1"}],"replies":[{"embeddable":true,"href":"https:\/\/archive.sana.sy\/tr\/index.php?rest_route=%2Fwp%2Fv2%2Fcomments&post=39078"}],"version-history":[{"count":0,"href":"https:\/\/archive.sana.sy\/tr\/index.php?rest_route=\/wp\/v2\/posts\/39078\/revisions"}],"wp:featuredmedia":[{"embeddable":true,"href":"https:\/\/archive.sana.sy\/tr\/index.php?rest_route=\/wp\/v2\/media\/5668"}],"wp:attachment":[{"href":"https:\/\/archive.sana.sy\/tr\/index.php?rest_route=%2Fwp%2Fv2%2Fmedia&parent=39078"}],"wp:term":[{"taxonomy":"category","embeddable":true,"href":"https:\/\/archive.sana.sy\/tr\/index.php?rest_route=%2Fwp%2Fv2%2Fcategories&post=39078"},{"taxonomy":"post_tag","embeddable":true,"href":"https:\/\/archive.sana.sy\/tr\/index.php?rest_route=%2Fwp%2Fv2%2Ftags&post=39078"}],"curies":[{"name":"wp","href":"https:\/\/api.w.org\/{rel}","templated":true}]}}