{"id":39096,"date":"2015-07-05T10:06:57","date_gmt":"2015-07-05T07:06:57","guid":{"rendered":"http:\/\/sana.sy\/tr\/?p=39096"},"modified":"2015-07-05T10:06:57","modified_gmt":"2015-07-05T07:06:57","slug":"suriye-turizmine-ilan-edilmemis-savas-sergisi-noktalandi","status":"publish","type":"post","link":"https:\/\/archive.sana.sy\/tr\/?p=39096","title":{"rendered":"Suriye Turizmine \u0130lan Edilmemi\u015f Sava\u015f Sergisi Noktaland\u0131"},"content":{"rendered":"<p>NEW YORK \u2013 Ge\u00e7ti\u011fimiz ay\u0131n 29\u2019unda New York\u2019ta \u201cSuriye Turizm Platformlar\u0131na \u0130lan Edilmemi\u015f Sava\u015f\u201d ba\u015fl\u0131\u011f\u0131 alt\u0131nda a\u00e7\u0131l\u0131\u015f\u0131 yap\u0131lan ve Suriye&#8217;de arkeolojik platformlar\u0131 ve tarihi eserlerini hedef alan ter\u00f6r sald\u0131r\u0131lar\u0131 sonucu u\u011frad\u0131\u011f\u0131 hasar\u0131 konu alan foto\u011fraf sergisi d\u00fcn d\u00fczenlenen kapan\u0131\u015f t\u00f6reniyle noktaland\u0131.<\/p>\n<p>Turizm Bakanl\u0131\u011f\u0131n\u0131n, Suriye\u2019nin BM\u2019deki Dami Temsilci Heyeti ve Suriye Amerika \u0130rade \u015eebekesi ile i\u015fbirli\u011fi i\u00e7erisinde d\u00fczenlenen serginin kapan\u0131\u015f t\u00f6reninde SANA\u2019ya bir a\u00e7\u0131klama yapan \u015eebeke Genel Sekreteri Haldun Mhavvel, ABD\u2019de ya\u015fayan Suriyeli gurbet\u00e7ilerin bu sergi arac\u0131l\u0131\u011f\u0131 ile anavatanlar\u0131nda ya\u015fanan ger\u00e7ekleri kamuoyunu oldu\u011fu gibi yans\u0131tmay\u0131 ama\u00e7lad\u0131klar\u0131n\u0131 dile getirdi.<\/p>\n<p>Suriye\u2019nin BM\u2019de Daimi Temsilcisi Be\u015f\u015far el Caferi huzurunda d\u00fczenlenen a\u00e7\u0131l\u0131\u015f t\u00f6reniyle ziyaret\u00e7ilerini a\u011f\u0131rlamaya ba\u015flayan serginin b\u00fcy\u00fck ilgi g\u00f6rd\u00fc\u011f\u00fcne i\u015faret eden Mhavvel, sergiyi Rusya, Hindistan, \u0130ran ve Pakistan gibi bir\u00e7ok \u00fclkenin vatanda\u015flar\u0131n\u0131n yan\u0131 s\u0131ra \u00e7ok say\u0131da b\u00fcy\u00fckel\u00e7i ve BM Genel Sekreteri Ban Ki Moon ziyaret etti.<\/p>\n<div id='gallery-1' class='gallery galleryid-39096 gallery-columns-2 gallery-size-medium'><figure class='gallery-item'>\n\t\t\t<div class='gallery-icon landscape'>\n\t\t\t\t<a href='https:\/\/archive.sana.sy\/tr\/wp-content\/uploads\/2015\/07\/sergi-2.jpg'><img loading=\"lazy\" decoding=\"async\" width=\"300\" height=\"160\" src=\"https:\/\/archive.sana.sy\/tr\/wp-content\/uploads\/2015\/07\/sergi-2-300x160.jpg\" class=\"attachment-medium size-medium\" alt=\"\" srcset=\"https:\/\/archive.sana.sy\/tr\/wp-content\/uploads\/2015\/07\/sergi-2-300x160.jpg 300w, https:\/\/archive.sana.sy\/tr\/wp-content\/uploads\/2015\/07\/sergi-2-150x80.jpg 150w, https:\/\/archive.sana.sy\/tr\/wp-content\/uploads\/2015\/07\/sergi-2.jpg 620w\" sizes=\"auto, (max-width: 300px) 100vw, 300px\" \/><\/a>\n\t\t\t<\/div><\/figure><figure class='gallery-item'>\n\t\t\t<div class='gallery-icon landscape'>\n\t\t\t\t<a href='https:\/\/archive.sana.sy\/tr\/wp-content\/uploads\/2015\/07\/sergi-3.jpg'><img loading=\"lazy\" decoding=\"async\" width=\"300\" height=\"160\" src=\"https:\/\/archive.sana.sy\/tr\/wp-content\/uploads\/2015\/07\/sergi-3-300x160.jpg\" class=\"attachment-medium size-medium\" alt=\"\" srcset=\"https:\/\/archive.sana.sy\/tr\/wp-content\/uploads\/2015\/07\/sergi-3-300x160.jpg 300w, https:\/\/archive.sana.sy\/tr\/wp-content\/uploads\/2015\/07\/sergi-3-150x80.jpg 150w, https:\/\/archive.sana.sy\/tr\/wp-content\/uploads\/2015\/07\/sergi-3.jpg 620w\" sizes=\"auto, (max-width: 300px) 100vw, 300px\" \/><\/a>\n\t\t\t<\/div><\/figure>\n\t\t<\/div>\n\n<p>F.B. &#8211; R.H.<\/p>\n","protected":false},"excerpt":{"rendered":"<p>NEW YORK \u2013 Ge\u00e7ti\u011fimiz ay\u0131n 29\u2019unda New York\u2019ta \u201cSuriye Turizm Platformlar\u0131na \u0130lan Edilmemi\u015f Sava\u015f\u201d ba\u015fl\u0131\u011f\u0131 alt\u0131nda a\u00e7\u0131l\u0131\u015f\u0131 yap\u0131lan ve Suriye&#8217;de arkeolojik platformlar\u0131 ve tarihi eserlerini hedef alan ter\u00f6r sald\u0131r\u0131lar\u0131 sonucu u\u011frad\u0131\u011f\u0131 hasar\u0131 konu alan foto\u011fraf sergisi d\u00fcn d\u00fczenlenen kapan\u0131\u015f t\u00f6reniyle noktaland\u0131. Turizm Bakanl\u0131\u011f\u0131n\u0131n, Suriye\u2019nin BM\u2019deki Dami Temsilci Heyeti ve Suriye Amerika \u0130rade \u015eebekesi ile i\u015fbirli\u011fi &hellip;<\/p>\n","protected":false},"author":1,"featured_media":39097,"comment_status":"closed","ping_status":"closed","sticky":false,"template":"","format":"standard","meta":{"footnotes":""},"categories":[516,511],"tags":[],"class_list":["post-39096","post","type-post","status-publish","format-standard","has-post-thumbnail","","category-haberler-kultur-ve-sanat","category-kultur-ve-sanat"],"_links":{"self":[{"href":"https:\/\/archive.sana.sy\/tr\/index.php?rest_route=\/wp\/v2\/posts\/39096","targetHints":{"allow":["GET"]}}],"collection":[{"href":"https:\/\/archive.sana.sy\/tr\/index.php?rest_route=\/wp\/v2\/posts"}],"about":[{"href":"https:\/\/archive.sana.sy\/tr\/index.php?rest_route=\/wp\/v2\/types\/post"}],"author":[{"embeddable":true,"href":"https:\/\/archive.sana.sy\/tr\/index.php?rest_route=\/wp\/v2\/users\/1"}],"replies":[{"embeddable":true,"href":"https:\/\/archive.sana.sy\/tr\/index.php?rest_route=%2Fwp%2Fv2%2Fcomments&post=39096"}],"version-history":[{"count":0,"href":"https:\/\/archive.sana.sy\/tr\/index.php?rest_route=\/wp\/v2\/posts\/39096\/revisions"}],"wp:featuredmedia":[{"embeddable":true,"href":"https:\/\/archive.sana.sy\/tr\/index.php?rest_route=\/wp\/v2\/media\/39097"}],"wp:attachment":[{"href":"https:\/\/archive.sana.sy\/tr\/index.php?rest_route=%2Fwp%2Fv2%2Fmedia&parent=39096"}],"wp:term":[{"taxonomy":"category","embeddable":true,"href":"https:\/\/archive.sana.sy\/tr\/index.php?rest_route=%2Fwp%2Fv2%2Fcategories&post=39096"},{"taxonomy":"post_tag","embeddable":true,"href":"https:\/\/archive.sana.sy\/tr\/index.php?rest_route=%2Fwp%2Fv2%2Ftags&post=39096"}],"curies":[{"name":"wp","href":"https:\/\/api.w.org\/{rel}","templated":true}]}}