{"id":39101,"date":"2015-07-05T10:50:24","date_gmt":"2015-07-05T07:50:24","guid":{"rendered":"http:\/\/sana.sy\/tr\/?p=39101"},"modified":"2015-07-05T10:50:24","modified_gmt":"2015-07-05T07:50:24","slug":"tunus-baskani-ulkede-olaganustu-hal-ilan-etti","status":"publish","type":"post","link":"https:\/\/archive.sana.sy\/tr\/?p=39101","title":{"rendered":"Tunus Ba\u015fkan\u0131 \u00fclkede Ola\u011fan\u00fcst\u00fc Hal \u0130lan Etti"},"content":{"rendered":"<p>TUNUS \u2013 Tunsu Ba\u015fkan\u0131 el Baji Kaid el Sibsi d\u00fcn 38 yabanc\u0131 turistin \u00f6l\u00fcm\u00fc onlarca ki\u015finin de yaralanmas\u0131na yol a\u00e7an Soussa ter\u00f6r sald\u0131r\u0131s\u0131ndan bir hafta sonra \u00fclkede ola\u011fan\u00fcst\u00fc hal ilan etti.<\/p>\n<p>Cumhurba\u015fkanl\u0131\u011f\u0131 kayna\u011f\u0131 Tunus Afrika Ajans\u0131na verdi\u011fi deme\u00e7te, Ba\u015fkan el Sibsi\u2019nin muhtelif televizyon kanallar\u0131ndan Tunus halk\u0131na seslenmesinin beklendi\u011fini s\u00f6yledi.<\/p>\n<p>Bu arada Tunus Ba\u015fkan\u0131, d\u00fcnyada hi\u00e7bir \u00fclkenin bug\u00fcn ter\u00f6rden uzak olmad\u0131\u011f\u0131n\u0131 bu y\u00fczden bu afetle m\u00fccadele edilmesi i\u00e7in aktif bir uluslar aras\u0131 i\u015fbirli\u011fi dayatt\u0131\u011f\u0131n\u0131 s\u00f6yledi.<\/p>\n<p>Ba\u015fkan el Sibsi ak\u015fam yapt\u0131\u011f\u0131 televizyon konu\u015fmas\u0131nda, durumun bug\u00fcn ter\u00f6re kar\u015f\u0131 alarm durumunu gerektirdi\u011fini, \u00e7\u00fcnk\u00fc Tunus\u2019un sava\u015f halinde oldu\u011funu ve I\u015e\u0130D ter\u00f6r \u00f6rg\u00fct\u00fc taraf\u0131ndan hedef al\u0131nd\u0131\u011f\u0131, anayasas\u0131 ve Cumhuriyet rejimi gere\u011fince sivil bir devlet olmas\u0131n\u0131n I\u015e\u0130D\u2019e ters geldi\u011fini s\u00f6yledi.<\/p>\n<p>Ba\u015fkan el Sibsi, \u00fclkede bir ayl\u0131\u011f\u0131na ola\u011fan\u00fcst\u00fc hali, \u00fclkeyi saran tehlikeler, b\u00f6lgesel durum ve ter\u00f6r\u00fcn bir \u00e7ok karde\u015f Arap \u00fclkesine yay\u0131lmas\u0131na ba\u011flayarak, Tunus\u2019u saran ter\u00f6r tehlikesinin bulundu\u011funu belirtti.<\/p>\n<p>S.\u015e. &#8211; R.H.<\/p>\n","protected":false},"excerpt":{"rendered":"<p>TUNUS \u2013 Tunsu Ba\u015fkan\u0131 el Baji Kaid el Sibsi d\u00fcn 38 yabanc\u0131 turistin \u00f6l\u00fcm\u00fc onlarca ki\u015finin de yaralanmas\u0131na yol a\u00e7an Soussa ter\u00f6r sald\u0131r\u0131s\u0131ndan bir hafta sonra \u00fclkede ola\u011fan\u00fcst\u00fc hal ilan etti. Cumhurba\u015fkanl\u0131\u011f\u0131 kayna\u011f\u0131 Tunus Afrika Ajans\u0131na verdi\u011fi deme\u00e7te, Ba\u015fkan el Sibsi\u2019nin muhtelif televizyon kanallar\u0131ndan Tunus halk\u0131na seslenmesinin beklendi\u011fini s\u00f6yledi. Bu arada Tunus Ba\u015fkan\u0131, d\u00fcnyada hi\u00e7bir &hellip;<\/p>\n","protected":false},"author":1,"featured_media":39102,"comment_status":"closed","ping_status":"closed","sticky":false,"template":"","format":"standard","meta":{"footnotes":""},"categories":[458,459,447],"tags":[],"class_list":["post-39101","post","type-post","status-publish","format-standard","has-post-thumbnail","","category-dunya1","category-haberler-arap-uluslararasi-politika","category-politika"],"_links":{"self":[{"href":"https:\/\/archive.sana.sy\/tr\/index.php?rest_route=\/wp\/v2\/posts\/39101","targetHints":{"allow":["GET"]}}],"collection":[{"href":"https:\/\/archive.sana.sy\/tr\/index.php?rest_route=\/wp\/v2\/posts"}],"about":[{"href":"https:\/\/archive.sana.sy\/tr\/index.php?rest_route=\/wp\/v2\/types\/post"}],"author":[{"embeddable":true,"href":"https:\/\/archive.sana.sy\/tr\/index.php?rest_route=\/wp\/v2\/users\/1"}],"replies":[{"embeddable":true,"href":"https:\/\/archive.sana.sy\/tr\/index.php?rest_route=%2Fwp%2Fv2%2Fcomments&post=39101"}],"version-history":[{"count":0,"href":"https:\/\/archive.sana.sy\/tr\/index.php?rest_route=\/wp\/v2\/posts\/39101\/revisions"}],"wp:featuredmedia":[{"embeddable":true,"href":"https:\/\/archive.sana.sy\/tr\/index.php?rest_route=\/wp\/v2\/media\/39102"}],"wp:attachment":[{"href":"https:\/\/archive.sana.sy\/tr\/index.php?rest_route=%2Fwp%2Fv2%2Fmedia&parent=39101"}],"wp:term":[{"taxonomy":"category","embeddable":true,"href":"https:\/\/archive.sana.sy\/tr\/index.php?rest_route=%2Fwp%2Fv2%2Fcategories&post=39101"},{"taxonomy":"post_tag","embeddable":true,"href":"https:\/\/archive.sana.sy\/tr\/index.php?rest_route=%2Fwp%2Fv2%2Ftags&post=39101"}],"curies":[{"name":"wp","href":"https:\/\/api.w.org\/{rel}","templated":true}]}}