{"id":3912,"date":"2014-06-25T16:05:54","date_gmt":"2014-06-25T13:05:54","guid":{"rendered":"http:\/\/www.sana.sy\/tr\/?p=3912"},"modified":"2014-06-25T16:05:54","modified_gmt":"2014-06-25T13:05:54","slug":"yahudi-yerlesimciler-aksada-provokasyonda-bulundular","status":"publish","type":"post","link":"https:\/\/archive.sana.sy\/tr\/?p=3912","title":{"rendered":"Yahudi Yerle\u015fimciler Aksa\u2019da Provokasyonda Bulundular"},"content":{"rendered":"<p>RAMALLAH \u2013 Yahudi yerle\u015fimci bir grup bug\u00fcn sabah saatlerinde i\u015fgal alt\u0131ndaki Kud\u00fcs Kentinin Aksa Mescidini basarak provokasyonda bulundular.<\/p>\n<p>Filistinli Aksa Vak\u0131f ve Miras Kurumunda Enformasyon M\u00fcd\u00fcr\u00fc Mahmut Ebu el Ata; yahudi yerle\u015fimcilerden olu\u015fan yakla\u015f\u0131k 35 ki\u015filik bir grubun el Ma\u011fariba Kap\u0131s\u0131ndan Aksa Mescidine girdiklerini ve provokasyon amac\u0131yla yahudi ayinlerde bulunduklar\u0131n\u0131 aktard\u0131. Ebu el Ata bunun \u00fczerine Aksa muhaf\u0131zlar\u0131 ve din e\u011fitimi alan \u00f6\u011frencilerin yahudi yerle\u015fimcilerin etraf\u0131nda toplanarak onlar\u0131 Silsisle Kap\u0131s\u0131ndan d\u0131\u015far\u0131 kovduklar\u0131n\u0131 s\u00f6yledi.<\/p>\n<p>Ebu el Ata; yahudi yerle\u015fimcilerin \u0130srail i\u015fgal g\u00fc\u00e7lerinin korumas\u0131 alt\u0131nda Aksa Mescidini bast\u0131klar\u0131na dikkat \u00e7ekti.<\/p>\n","protected":false},"excerpt":{"rendered":"<p>RAMALLAH \u2013 Yahudi yerle\u015fimci bir grup bug\u00fcn sabah saatlerinde i\u015fgal alt\u0131ndaki Kud\u00fcs Kentinin Aksa Mescidini basarak provokasyonda bulundular. Filistinli Aksa Vak\u0131f ve Miras Kurumunda Enformasyon M\u00fcd\u00fcr\u00fc Mahmut Ebu el Ata; yahudi yerle\u015fimcilerden olu\u015fan yakla\u015f\u0131k 35 ki\u015filik bir grubun el Ma\u011fariba Kap\u0131s\u0131ndan Aksa Mescidine girdiklerini ve provokasyon amac\u0131yla yahudi ayinlerde bulunduklar\u0131n\u0131 aktard\u0131. Ebu el Ata bunun &hellip;<\/p>\n","protected":false},"author":1,"featured_media":3913,"comment_status":"closed","ping_status":"closed","sticky":false,"template":"","format":"standard","meta":{"footnotes":""},"categories":[458,459,584],"tags":[855],"class_list":["post-3912","post","type-post","status-publish","format-standard","has-post-thumbnail","","category-dunya1","category-haberler-arap-uluslararasi-politika","category-yurtdisinda-sana-ofisleri","tag-yahudi-yerlesimciler-aksada-provokasyonda-bulundular"],"_links":{"self":[{"href":"https:\/\/archive.sana.sy\/tr\/index.php?rest_route=\/wp\/v2\/posts\/3912","targetHints":{"allow":["GET"]}}],"collection":[{"href":"https:\/\/archive.sana.sy\/tr\/index.php?rest_route=\/wp\/v2\/posts"}],"about":[{"href":"https:\/\/archive.sana.sy\/tr\/index.php?rest_route=\/wp\/v2\/types\/post"}],"author":[{"embeddable":true,"href":"https:\/\/archive.sana.sy\/tr\/index.php?rest_route=\/wp\/v2\/users\/1"}],"replies":[{"embeddable":true,"href":"https:\/\/archive.sana.sy\/tr\/index.php?rest_route=%2Fwp%2Fv2%2Fcomments&post=3912"}],"version-history":[{"count":0,"href":"https:\/\/archive.sana.sy\/tr\/index.php?rest_route=\/wp\/v2\/posts\/3912\/revisions"}],"wp:featuredmedia":[{"embeddable":true,"href":"https:\/\/archive.sana.sy\/tr\/index.php?rest_route=\/wp\/v2\/media\/3913"}],"wp:attachment":[{"href":"https:\/\/archive.sana.sy\/tr\/index.php?rest_route=%2Fwp%2Fv2%2Fmedia&parent=3912"}],"wp:term":[{"taxonomy":"category","embeddable":true,"href":"https:\/\/archive.sana.sy\/tr\/index.php?rest_route=%2Fwp%2Fv2%2Fcategories&post=3912"},{"taxonomy":"post_tag","embeddable":true,"href":"https:\/\/archive.sana.sy\/tr\/index.php?rest_route=%2Fwp%2Fv2%2Ftags&post=3912"}],"curies":[{"name":"wp","href":"https:\/\/api.w.org\/{rel}","templated":true}]}}