{"id":39316,"date":"2015-07-06T16:45:06","date_gmt":"2015-07-06T13:45:06","guid":{"rendered":"http:\/\/sana.sy\/tr\/?p=39316"},"modified":"2015-07-06T16:45:06","modified_gmt":"2015-07-06T13:45:06","slug":"sinemada-renkler-festivali-faaliyetlerini-surduruyor","status":"publish","type":"post","link":"https:\/\/archive.sana.sy\/tr\/?p=39316","title":{"rendered":"Sinemada Renkler Festivali Faaliyetlerini S\u00fcrd\u00fcr\u00fcyor"},"content":{"rendered":"<p>\u015eAM \u2013 Sinema Kamu Kurumunun \u2018Sinemada Renkler\u2019 slogan\u0131 alt\u0131nda \u015eam\u2019daki Kindi Sinemas\u0131nda d\u00fczenledi\u011fi festival faaliyetleri devam ediyor.<\/p>\n<p>Bu ay\u0131n ba\u015flar\u0131nda ba\u015flayan ve \u00f6n\u00fcm\u00fczdeki Temmuz ay\u0131n\u0131n 5\u2019ine dek s\u00fcrecek sinema festivalinde g\u00fcnde 3 film olmak \u00fczere Arap ve uluslar aras\u0131 toplam 90 film sinema severlerle bulu\u015facak.<\/p>\n<p>Sinema Kamu Kurumu bu y\u0131l ayda ortalama bir olmak \u00fczere toplam alt\u0131 sinema etkinli\u011fi d\u00fczenledi.<\/p>\n<p>A.A. &#8211; M.M.<\/p>\n","protected":false},"excerpt":{"rendered":"<p>\u015eAM \u2013 Sinema Kamu Kurumunun \u2018Sinemada Renkler\u2019 slogan\u0131 alt\u0131nda \u015eam\u2019daki Kindi Sinemas\u0131nda d\u00fczenledi\u011fi festival faaliyetleri devam ediyor. Bu ay\u0131n ba\u015flar\u0131nda ba\u015flayan ve \u00f6n\u00fcm\u00fczdeki Temmuz ay\u0131n\u0131n 5\u2019ine dek s\u00fcrecek sinema festivalinde g\u00fcnde 3 film olmak \u00fczere Arap ve uluslar aras\u0131 toplam 90 film sinema severlerle bulu\u015facak. Sinema Kamu Kurumu bu y\u0131l ayda ortalama bir olmak \u00fczere &hellip;<\/p>\n","protected":false},"author":1,"featured_media":39317,"comment_status":"closed","ping_status":"closed","sticky":false,"template":"","format":"standard","meta":{"footnotes":""},"categories":[516,511],"tags":[15680],"class_list":["post-39316","post","type-post","status-publish","format-standard","has-post-thumbnail","","category-haberler-kultur-ve-sanat","category-kultur-ve-sanat","tag-sinemada-renkler-festivali-faaliyetlerini-surduruyor"],"_links":{"self":[{"href":"https:\/\/archive.sana.sy\/tr\/index.php?rest_route=\/wp\/v2\/posts\/39316","targetHints":{"allow":["GET"]}}],"collection":[{"href":"https:\/\/archive.sana.sy\/tr\/index.php?rest_route=\/wp\/v2\/posts"}],"about":[{"href":"https:\/\/archive.sana.sy\/tr\/index.php?rest_route=\/wp\/v2\/types\/post"}],"author":[{"embeddable":true,"href":"https:\/\/archive.sana.sy\/tr\/index.php?rest_route=\/wp\/v2\/users\/1"}],"replies":[{"embeddable":true,"href":"https:\/\/archive.sana.sy\/tr\/index.php?rest_route=%2Fwp%2Fv2%2Fcomments&post=39316"}],"version-history":[{"count":0,"href":"https:\/\/archive.sana.sy\/tr\/index.php?rest_route=\/wp\/v2\/posts\/39316\/revisions"}],"wp:featuredmedia":[{"embeddable":true,"href":"https:\/\/archive.sana.sy\/tr\/index.php?rest_route=\/wp\/v2\/media\/39317"}],"wp:attachment":[{"href":"https:\/\/archive.sana.sy\/tr\/index.php?rest_route=%2Fwp%2Fv2%2Fmedia&parent=39316"}],"wp:term":[{"taxonomy":"category","embeddable":true,"href":"https:\/\/archive.sana.sy\/tr\/index.php?rest_route=%2Fwp%2Fv2%2Fcategories&post=39316"},{"taxonomy":"post_tag","embeddable":true,"href":"https:\/\/archive.sana.sy\/tr\/index.php?rest_route=%2Fwp%2Fv2%2Ftags&post=39316"}],"curies":[{"name":"wp","href":"https:\/\/api.w.org\/{rel}","templated":true}]}}