{"id":39337,"date":"2015-07-07T09:49:20","date_gmt":"2015-07-07T06:49:20","guid":{"rendered":"http:\/\/sana.sy\/tr\/?p=39337"},"modified":"2015-07-07T19:41:38","modified_gmt":"2015-07-07T16:41:38","slug":"hama-kirsalinda-dort-beldede-guvenlik-ve-istikrar-saglandi","status":"publish","type":"post","link":"https:\/\/archive.sana.sy\/tr\/?p=39337","title":{"rendered":"Hama K\u0131rsal\u0131nda D\u00f6rt Beldede G\u00fcvenlik ve \u0130stikrar Sa\u011fland\u0131"},"content":{"rendered":"<p>HAMA \u2013 Kahraman ordu birliklerimiz ter\u00f6re kar\u015f\u0131 m\u00fccadelelerinde ba\u015far\u0131lar\u0131n\u0131 b\u00fcy\u00fctmeye ve silahl\u0131 ter\u00f6r gruplar\u0131na a\u011f\u0131r darbeler indirmeye devam ediyorlar.<\/p>\n<p>Askeri bir kaynak d\u00fcn \u00f6\u011fleden sonra yapt\u0131\u011f\u0131 a\u00e7\u0131klamada kahraman ordu birlilerimizin g\u00fcnler s\u00fcren nitelikli operasyonlar\u0131 sonucunda Hama k\u0131rsal\u0131n\u0131n kuzey kesiminde el Remle, el Me\u015frefe, el Kerim ve Kab\u0131r F\u0131dda beldelerinde bulunan b\u00fct\u00fcn ter\u00f6ristleri ve yuvalar\u0131n\u0131 yok ederek g\u00fcvenlik ve istikrar\u0131 sa\u011flad\u0131klar\u0131n\u0131 ilan etti.<\/p>\n<p>SANA\u2019ya a\u00e7\u0131klama yapan kaynak, Remle, Me\u015frefe, Kerim ve Kab\u0131r F\u0131dda beldelerinde zul\u00fcm, y\u0131k\u0131m, tahrip ve katliam sald\u0131r\u0131lar\u0131 d\u00fczenleyen Nusra Cephesi ter\u00f6ristlerinin b\u00fcy\u00fck bir \u00e7o\u011funlu\u011funun \u00f6l\u00fc ve yaral\u0131 olarak ele ge\u00e7irildi\u011fini geriye kalanlar\u0131n da mevzilerin ve cephanelerini b\u0131rakarak bu beldelerin d\u0131\u015f\u0131na ka\u00e7t\u0131klar\u0131n\u0131 belirtti.<\/p>\n<p>Kahraman birliklerimizin, Halk Savunma Birlikleri ve belde sakinleriyle birlikte bu d\u00f6rt beldede bulunan ter\u00f6r art\u0131klar\u0131n\u0131 temizlediklerine i\u015faret eden kaynak, beldelerde silahl\u0131 ter\u00f6r gruplar\u0131 taraf\u0131ndan d\u00f6\u015fenmi\u015f bir\u00e7ok patlay\u0131c\u0131 d\u00fczene\u011finin etkisiz hale getirildi\u011fini belirtti.<\/p>\n<p>F.B. &#8211; R.H.<\/p>\n","protected":false},"excerpt":{"rendered":"<p>HAMA \u2013 Kahraman ordu birliklerimiz ter\u00f6re kar\u015f\u0131 m\u00fccadelelerinde ba\u015far\u0131lar\u0131n\u0131 b\u00fcy\u00fctmeye ve silahl\u0131 ter\u00f6r gruplar\u0131na a\u011f\u0131r darbeler indirmeye devam ediyorlar. Askeri bir kaynak d\u00fcn \u00f6\u011fleden sonra yapt\u0131\u011f\u0131 a\u00e7\u0131klamada kahraman ordu birlilerimizin g\u00fcnler s\u00fcren nitelikli operasyonlar\u0131 sonucunda Hama k\u0131rsal\u0131n\u0131n kuzey kesiminde el Remle, el Me\u015frefe, el Kerim ve Kab\u0131r F\u0131dda beldelerinde bulunan b\u00fct\u00fcn ter\u00f6ristleri ve yuvalar\u0131n\u0131 yok &hellip;<\/p>\n","protected":false},"author":1,"featured_media":37861,"comment_status":"closed","ping_status":"closed","sticky":false,"template":"","format":"standard","meta":{"footnotes":""},"categories":[575],"tags":[],"class_list":["post-39337","post","type-post","status-publish","format-standard","has-post-thumbnail","","category-olaylar-ve-gercekler"],"_links":{"self":[{"href":"https:\/\/archive.sana.sy\/tr\/index.php?rest_route=\/wp\/v2\/posts\/39337","targetHints":{"allow":["GET"]}}],"collection":[{"href":"https:\/\/archive.sana.sy\/tr\/index.php?rest_route=\/wp\/v2\/posts"}],"about":[{"href":"https:\/\/archive.sana.sy\/tr\/index.php?rest_route=\/wp\/v2\/types\/post"}],"author":[{"embeddable":true,"href":"https:\/\/archive.sana.sy\/tr\/index.php?rest_route=\/wp\/v2\/users\/1"}],"replies":[{"embeddable":true,"href":"https:\/\/archive.sana.sy\/tr\/index.php?rest_route=%2Fwp%2Fv2%2Fcomments&post=39337"}],"version-history":[{"count":0,"href":"https:\/\/archive.sana.sy\/tr\/index.php?rest_route=\/wp\/v2\/posts\/39337\/revisions"}],"wp:featuredmedia":[{"embeddable":true,"href":"https:\/\/archive.sana.sy\/tr\/index.php?rest_route=\/wp\/v2\/media\/37861"}],"wp:attachment":[{"href":"https:\/\/archive.sana.sy\/tr\/index.php?rest_route=%2Fwp%2Fv2%2Fmedia&parent=39337"}],"wp:term":[{"taxonomy":"category","embeddable":true,"href":"https:\/\/archive.sana.sy\/tr\/index.php?rest_route=%2Fwp%2Fv2%2Fcategories&post=39337"},{"taxonomy":"post_tag","embeddable":true,"href":"https:\/\/archive.sana.sy\/tr\/index.php?rest_route=%2Fwp%2Fv2%2Ftags&post=39337"}],"curies":[{"name":"wp","href":"https:\/\/api.w.org\/{rel}","templated":true}]}}