{"id":39342,"date":"2015-07-07T10:00:47","date_gmt":"2015-07-07T07:00:47","guid":{"rendered":"http:\/\/sana.sy\/tr\/?p=39342"},"modified":"2015-07-07T10:09:41","modified_gmt":"2015-07-07T07:09:41","slug":"mikdat-insani-krizin-tek-sorumlulari-teror-ve-destekcileridir","status":"publish","type":"post","link":"https:\/\/archive.sana.sy\/tr\/?p=39342","title":{"rendered":"Mikdat: \u0130nsani Krizin Tek Sorumlular\u0131 Ter\u00f6r ve Destek\u00e7ileridir"},"content":{"rendered":"<p>\u015eAM \u2013 D\u0131\u015fi\u015fleri ve Gurbet\u00e7iler Bakan\u0131 Yard\u0131mc\u0131s\u0131 Faysal Mikdat, \u015eam\u2019\u0131 ziyaret etmekte olan \u0130svi\u00e7re Kalk\u0131nma ve \u0130\u015fbirli\u011fi Ajans\u0131 Heyeti ile bir araya gelerek Suriye&#8217;de bulunan ter\u00f6r ma\u011fdurlar\u0131na insani yard\u0131m sa\u011flanmas\u0131 y\u00f6ntemleri ve bu alandaki \u00e7al\u0131\u015fmalarda i\u015fbirli\u011fi yap\u0131lmas\u0131 olanaklar\u0131n\u0131 inceledi.<\/p>\n<p><a href=\"http:\/\/sana.sy\/tr\/wp-content\/uploads\/2015\/07\/mikdat-2.jpg\"><img loading=\"lazy\" decoding=\"async\" class=\" size-medium wp-image-39345 alignright\" src=\"http:\/\/sana.sy\/tr\/wp-content\/uploads\/2015\/07\/mikdat-2-300x179.jpg\" alt=\"mikdat 2\" width=\"300\" height=\"179\" srcset=\"https:\/\/archive.sana.sy\/tr\/wp-content\/uploads\/2015\/07\/mikdat-2-300x179.jpg 300w, https:\/\/archive.sana.sy\/tr\/wp-content\/uploads\/2015\/07\/mikdat-2-150x89.jpg 150w, https:\/\/archive.sana.sy\/tr\/wp-content\/uploads\/2015\/07\/mikdat-2.jpg 500w\" sizes=\"auto, (max-width: 300px) 100vw, 300px\" \/><\/a>\u0130nsani yard\u0131mlar\u0131n ihtiya\u00e7 sahiplerine ula\u015ft\u0131r\u0131labilmesi i\u00e7in, bu alan\u0131nda \u00e7al\u0131\u015fma yapan sivil \u00f6rg\u00fctler ile Suriye H\u00fck\u00fcmeti aras\u0131nda koordinasyon kurulmas\u0131n\u0131n \u00f6nemine dikkat \u00e7eken Mikdat, ter\u00f6r \u00f6rg\u00fctleri ve destek\u00e7ilerinin Suriye&#8217;de ya\u015fanmakta olan insani krizin as\u0131l sorumlular\u0131 oldu\u011funun alt\u0131n\u0131 \u00e7izdi.<\/p>\n<p>Suriye&#8217;ye d\u00fczenledikleri bu ziyaretin ya\u015fanmakta olan olaylar\u0131 yerinde incelemek ve \u00f6zellikle insani kriz ile ilgili ger\u00e7ekleri ortaya \u00e7\u0131karmay\u0131 ama\u00e7lad\u0131\u011f\u0131na i\u015faret eden \u0130svi\u00e7reli heyet \u00fcyeleri, Suriye h\u00fck\u00fcmeti ile i\u015fbirli\u011fi olanaklar\u0131n\u0131 inceleme f\u0131rsat\u0131 bulmaktan duyduklar\u0131 memnuniyeti belirttiler.<\/p>\n<p>Heyet \u00fcyeleri Suriye&#8217;de insani yard\u0131m \u00e7al\u0131\u015fmalar\u0131na katk\u0131da bulunmak ve Suriyelilerin \u00e7ektikleri ac\u0131lar\u0131 hafifletmek istediklerini dile getirdiler.<\/p>\n<p>F.B. &#8211; R.H.<\/p>\n","protected":false},"excerpt":{"rendered":"<p>\u015eAM \u2013 D\u0131\u015fi\u015fleri ve Gurbet\u00e7iler Bakan\u0131 Yard\u0131mc\u0131s\u0131 Faysal Mikdat, \u015eam\u2019\u0131 ziyaret etmekte olan \u0130svi\u00e7re Kalk\u0131nma ve \u0130\u015fbirli\u011fi Ajans\u0131 Heyeti ile bir araya gelerek Suriye&#8217;de bulunan ter\u00f6r ma\u011fdurlar\u0131na insani yard\u0131m sa\u011flanmas\u0131 y\u00f6ntemleri ve bu alandaki \u00e7al\u0131\u015fmalarda i\u015fbirli\u011fi yap\u0131lmas\u0131 olanaklar\u0131n\u0131 inceledi. \u0130nsani yard\u0131mlar\u0131n ihtiya\u00e7 sahiplerine ula\u015ft\u0131r\u0131labilmesi i\u00e7in, bu alan\u0131nda \u00e7al\u0131\u015fma yapan sivil \u00f6rg\u00fctler ile Suriye H\u00fck\u00fcmeti aras\u0131nda &hellip;<\/p>\n","protected":false},"author":1,"featured_media":39344,"comment_status":"closed","ping_status":"closed","sticky":false,"template":"","format":"standard","meta":{"footnotes":""},"categories":[479,478],"tags":[15686],"class_list":["post-39342","post","type-post","status-publish","format-standard","has-post-thumbnail","","category-haberler-yerel","category-yerel","tag-mikdat-insani-krizin-tek-sorumlulari-teror-ve-destekcileridir-sam-disisleri-ve-gurbetciler-bakani-yardimcisi-faysal-mikdat"],"_links":{"self":[{"href":"https:\/\/archive.sana.sy\/tr\/index.php?rest_route=\/wp\/v2\/posts\/39342","targetHints":{"allow":["GET"]}}],"collection":[{"href":"https:\/\/archive.sana.sy\/tr\/index.php?rest_route=\/wp\/v2\/posts"}],"about":[{"href":"https:\/\/archive.sana.sy\/tr\/index.php?rest_route=\/wp\/v2\/types\/post"}],"author":[{"embeddable":true,"href":"https:\/\/archive.sana.sy\/tr\/index.php?rest_route=\/wp\/v2\/users\/1"}],"replies":[{"embeddable":true,"href":"https:\/\/archive.sana.sy\/tr\/index.php?rest_route=%2Fwp%2Fv2%2Fcomments&post=39342"}],"version-history":[{"count":0,"href":"https:\/\/archive.sana.sy\/tr\/index.php?rest_route=\/wp\/v2\/posts\/39342\/revisions"}],"wp:featuredmedia":[{"embeddable":true,"href":"https:\/\/archive.sana.sy\/tr\/index.php?rest_route=\/wp\/v2\/media\/39344"}],"wp:attachment":[{"href":"https:\/\/archive.sana.sy\/tr\/index.php?rest_route=%2Fwp%2Fv2%2Fmedia&parent=39342"}],"wp:term":[{"taxonomy":"category","embeddable":true,"href":"https:\/\/archive.sana.sy\/tr\/index.php?rest_route=%2Fwp%2Fv2%2Fcategories&post=39342"},{"taxonomy":"post_tag","embeddable":true,"href":"https:\/\/archive.sana.sy\/tr\/index.php?rest_route=%2Fwp%2Fv2%2Ftags&post=39342"}],"curies":[{"name":"wp","href":"https:\/\/api.w.org\/{rel}","templated":true}]}}