{"id":39347,"date":"2015-07-07T10:11:53","date_gmt":"2015-07-07T07:11:53","guid":{"rendered":"http:\/\/sana.sy\/tr\/?p=39347"},"modified":"2015-07-07T10:20:04","modified_gmt":"2015-07-07T07:20:04","slug":"ali-hukumet-memur-maaslarinin-belirlenen-zamanda-ulastirilmasi-icin-caba-harciyor","status":"publish","type":"post","link":"https:\/\/archive.sana.sy\/tr\/?p=39347","title":{"rendered":"Ali: H\u00fck\u00fcmet Memur Maa\u015flar\u0131n\u0131n Belirlenen Zamanda Ula\u015ft\u0131r\u0131lmas\u0131 \u0130\u00e7in \u00c7aba Harc\u0131yor"},"content":{"rendered":"<p>HASEKE \u2013 Haseke Valisi Muhammed Zeal el Ali, H\u00fck\u00fcmetin, ilde ya\u015fanmakta olan vah\u015fi ter\u00f6r sald\u0131r\u0131lar\u0131na ra\u011fmen memur maa\u015flar\u0131n\u0131n belirlenen zamanda ula\u015ft\u0131r\u0131lmas\u0131 i\u00e7in \u00e7aba harcad\u0131\u011f\u0131n\u0131 ifade etti.<\/p>\n<p>Haseke kentinde hizmet idaresi binalar\u0131na d\u00fczenledi\u011fi inceleme gezintisi s\u0131ras\u0131nda gazetecilere bir a\u00e7\u0131klama yapan Ali, Haseke\u2019nin vatan evlatlar\u0131 ve kahraman ordu birlikleri aras\u0131ndaki s\u0131k\u0131 ba\u011fl\u0131l\u0131k ve i\u015fbirli\u011fi sayesinde ter\u00f6re kar\u015f\u0131 g\u00fc\u00e7l\u00fc bir direni\u015f sergilemeye devam etti\u011fini dile getirdi.<\/p>\n<p>\u0130nsani yard\u0131m kurumlar\u0131 ve heyetlerinin, ter\u00f6r sald\u0131r\u0131lar\u0131 sonucu evlerinden ve topraklar\u0131ndan ka\u00e7mak zorunda kalan ma\u011fdurlara g\u0131da ve t\u0131bbi yard\u0131m da\u011f\u0131t\u0131mlar\u0131n\u0131 s\u00fcrd\u00fcrd\u00fc\u011f\u00fcne de\u011finen Ali, yakla\u015f\u0131k 10 bin aileye insani yard\u0131m ula\u015ft\u0131r\u0131ld\u0131\u011f\u0131n\u0131 belirtti.<\/p>\n<p>Kahraman ordu birliklerimizin b\u00fct\u00fcn k\u00f6y ve b\u00f6lgelerde vatanda\u015flar\u0131n selameti ve g\u00fcvenli\u011fini sa\u011flamak amac\u0131yla operasyonlar\u0131n\u0131 aral\u0131ks\u0131z s\u00fcrd\u00fcrd\u00fc\u011f\u00fcne dikkat \u00e7eken Ali, g\u00fcvenli\u011fi sa\u011flanan b\u00f6lgelerin sakinlerine evlerine d\u00f6nme ve normal ya\u015famlar\u0131na devam etme \u00e7a\u011fr\u0131s\u0131nda bulundu.<\/p>\n<p>Valinin inceleme gezintisine Baas Partisi Haseke \u0130li Ofisi Sekreteri Halef \u0130yad el Muh\u015fem de e\u015flik etti.<\/p>\n<p>F.B. &#8211; R.H.<\/p>\n","protected":false},"excerpt":{"rendered":"<p>HASEKE \u2013 Haseke Valisi Muhammed Zeal el Ali, H\u00fck\u00fcmetin, ilde ya\u015fanmakta olan vah\u015fi ter\u00f6r sald\u0131r\u0131lar\u0131na ra\u011fmen memur maa\u015flar\u0131n\u0131n belirlenen zamanda ula\u015ft\u0131r\u0131lmas\u0131 i\u00e7in \u00e7aba harcad\u0131\u011f\u0131n\u0131 ifade etti. Haseke kentinde hizmet idaresi binalar\u0131na d\u00fczenledi\u011fi inceleme gezintisi s\u0131ras\u0131nda gazetecilere bir a\u00e7\u0131klama yapan Ali, Haseke\u2019nin vatan evlatlar\u0131 ve kahraman ordu birlikleri aras\u0131ndaki s\u0131k\u0131 ba\u011fl\u0131l\u0131k ve i\u015fbirli\u011fi sayesinde ter\u00f6re kar\u015f\u0131 &hellip;<\/p>\n","protected":false},"author":1,"featured_media":38182,"comment_status":"closed","ping_status":"closed","sticky":false,"template":"","format":"standard","meta":{"footnotes":""},"categories":[1],"tags":[15687,6165,15688],"class_list":["post-39347","post","type-post","status-publish","format-standard","has-post-thumbnail","","category-news-not-sorted","tag-ali-hukumet-memur-maaslarinin-belirlenen-zamanda-ulastirilmasi-icin-caba-harciyor-haseke-haseke-valisi-muhammed-zeal-el-ali","tag-hukumetin","tag-ilde-yasanmakta-olan-vahsi-teror-saldirilarina-ragmen-memur-maaslarinin-belirlenen-zamanda-ulastirilmasi-icin-caba-harcadigini-ifade-etti"],"_links":{"self":[{"href":"https:\/\/archive.sana.sy\/tr\/index.php?rest_route=\/wp\/v2\/posts\/39347","targetHints":{"allow":["GET"]}}],"collection":[{"href":"https:\/\/archive.sana.sy\/tr\/index.php?rest_route=\/wp\/v2\/posts"}],"about":[{"href":"https:\/\/archive.sana.sy\/tr\/index.php?rest_route=\/wp\/v2\/types\/post"}],"author":[{"embeddable":true,"href":"https:\/\/archive.sana.sy\/tr\/index.php?rest_route=\/wp\/v2\/users\/1"}],"replies":[{"embeddable":true,"href":"https:\/\/archive.sana.sy\/tr\/index.php?rest_route=%2Fwp%2Fv2%2Fcomments&post=39347"}],"version-history":[{"count":0,"href":"https:\/\/archive.sana.sy\/tr\/index.php?rest_route=\/wp\/v2\/posts\/39347\/revisions"}],"wp:featuredmedia":[{"embeddable":true,"href":"https:\/\/archive.sana.sy\/tr\/index.php?rest_route=\/wp\/v2\/media\/38182"}],"wp:attachment":[{"href":"https:\/\/archive.sana.sy\/tr\/index.php?rest_route=%2Fwp%2Fv2%2Fmedia&parent=39347"}],"wp:term":[{"taxonomy":"category","embeddable":true,"href":"https:\/\/archive.sana.sy\/tr\/index.php?rest_route=%2Fwp%2Fv2%2Fcategories&post=39347"},{"taxonomy":"post_tag","embeddable":true,"href":"https:\/\/archive.sana.sy\/tr\/index.php?rest_route=%2Fwp%2Fv2%2Ftags&post=39347"}],"curies":[{"name":"wp","href":"https:\/\/api.w.org\/{rel}","templated":true}]}}