{"id":39350,"date":"2015-07-07T11:16:11","date_gmt":"2015-07-07T08:16:11","guid":{"rendered":"http:\/\/sana.sy\/tr\/?p=39350"},"modified":"2015-07-07T11:18:44","modified_gmt":"2015-07-07T08:18:44","slug":"isgalci-israil-kuvvetleri-suriyelilere-karsi-rastgele-tutuklama-kampanyasini-surduruyor","status":"publish","type":"post","link":"https:\/\/archive.sana.sy\/tr\/?p=39350","title":{"rendered":"\u0130\u015fgalci \u0130srail Kuvvetleri Suriyelilere Kar\u015f\u0131 Rastgele Tutuklama Kampanyas\u0131n\u0131 S\u00fcrd\u00fcr\u00fcyor"},"content":{"rendered":"<p>GOLAN \u2013 \u0130srail i\u015fgal kuvvetleri d\u00fcn ak\u015fam i\u015fgal alt\u0131ndaki Suriye topraklar\u0131 Golan\u2019da, ge\u00e7ti\u011fimiz ay \u0130srail hastanelerine yaral\u0131 ter\u00f6ristleri ta\u015f\u0131yan ambulans ara\u00e7lar\u0131n\u0131n yolunu kesme eylemine kat\u0131ld\u0131klar\u0131 itham\u0131yla Suriyeli 9 vatanda\u015f\u0131 tutuklad\u0131lar.<\/p>\n<p>\u0130srailli internet sitesi Roter Net\u2019te yay\u0131nlanan haberde i\u015fgalci \u0130srail polisinin d\u00fcn d\u00fczenledi\u011fi bir operasyon sonucunda 22 Haziran tarihinde Suriye&#8217;de girdikleri \u00e7at\u0131\u015fmalarda yaralanan ter\u00f6ristleri ta\u015f\u0131yan ambulans ara\u00e7lar\u0131n\u0131n yolunu kesme ve tahrip edilmeleri eylemine kat\u0131ld\u0131klar\u0131 \u015f\u00fcphesiyle 9 ki\u015fiyi tutuklad\u0131klar\u0131n\u0131 aktard\u0131.<\/p>\n<p>Hat\u0131rlanaca\u011f\u0131 \u00fczere Golan\u2019da i\u015fgal alt\u0131nda ya\u015fayan Suriyelilerden olu\u015fan bir grup ge\u00e7ti\u011fimiz ay i\u015fgalci \u0130srail\u2019in Suriye&#8217;de bulunan ter\u00f6r gruplar\u0131na sundu\u011fu deste\u011fi protesto etmek amac\u0131yla yaral\u0131 ter\u00f6ristleri ta\u015f\u0131yan ambulans\u0131, Cebel el \u015eeyh-Mecdel \u015eems yolunda durdurmu\u015flard\u0131.<\/p>\n<p>Eylemcilerin, Suriye halk\u0131n\u0131n kan\u0131n\u0131 ak\u0131t\u0131rken yaralanan ve i\u015fgal kuvvetleri taraf\u0131ndan tedavi edilmek \u00fczere ambulans ile \u0130srail hastanelerine ta\u015f\u0131nan Nusra Cephesine ba\u011fl\u0131 iki ter\u00f6risti \u00f6l\u00fcmle cezaland\u0131rmalar\u0131n\u0131 hazmedemeyen i\u015fgal kuvvetleri Golan\u2019da Suriyelileri hedef alan rastgele bir tutuklama kampanyas\u0131 ba\u015flatm\u0131\u015ft\u0131.<\/p>\n<p>F.B. &#8211; R.H.<\/p>\n","protected":false},"excerpt":{"rendered":"<p>GOLAN \u2013 \u0130srail i\u015fgal kuvvetleri d\u00fcn ak\u015fam i\u015fgal alt\u0131ndaki Suriye topraklar\u0131 Golan\u2019da, ge\u00e7ti\u011fimiz ay \u0130srail hastanelerine yaral\u0131 ter\u00f6ristleri ta\u015f\u0131yan ambulans ara\u00e7lar\u0131n\u0131n yolunu kesme eylemine kat\u0131ld\u0131klar\u0131 itham\u0131yla Suriyeli 9 vatanda\u015f\u0131 tutuklad\u0131lar. \u0130srailli internet sitesi Roter Net\u2019te yay\u0131nlanan haberde i\u015fgalci \u0130srail polisinin d\u00fcn d\u00fczenledi\u011fi bir operasyon sonucunda 22 Haziran tarihinde Suriye&#8217;de girdikleri \u00e7at\u0131\u015fmalarda yaralanan ter\u00f6ristleri ta\u015f\u0131yan ambulans &hellip;<\/p>\n","protected":false},"author":1,"featured_media":39361,"comment_status":"closed","ping_status":"closed","sticky":false,"template":"","format":"standard","meta":{"footnotes":""},"categories":[447],"tags":[15690,15689],"class_list":["post-39350","post","type-post","status-publish","format-standard","has-post-thumbnail","","category-politika","tag-gectigimiz-ay-israil-hastanelerine-yarali-teroristleri-tasiyan-ambulans-araclarinin-yolunu-kesme-eylemine-katildiklari-ithamiyla-suriyeli-9-vatandasi-tutukladilar","tag-isgalci-israil-kuvvetleri-suriyelilere-karsi-rastgele-tutuklama-kampanyasini-surduruyor-golan-israil-isgal-kuvvetleri-dun-aksam-isgal-altindaki-suriye-topraklari-golanda"],"_links":{"self":[{"href":"https:\/\/archive.sana.sy\/tr\/index.php?rest_route=\/wp\/v2\/posts\/39350","targetHints":{"allow":["GET"]}}],"collection":[{"href":"https:\/\/archive.sana.sy\/tr\/index.php?rest_route=\/wp\/v2\/posts"}],"about":[{"href":"https:\/\/archive.sana.sy\/tr\/index.php?rest_route=\/wp\/v2\/types\/post"}],"author":[{"embeddable":true,"href":"https:\/\/archive.sana.sy\/tr\/index.php?rest_route=\/wp\/v2\/users\/1"}],"replies":[{"embeddable":true,"href":"https:\/\/archive.sana.sy\/tr\/index.php?rest_route=%2Fwp%2Fv2%2Fcomments&post=39350"}],"version-history":[{"count":0,"href":"https:\/\/archive.sana.sy\/tr\/index.php?rest_route=\/wp\/v2\/posts\/39350\/revisions"}],"wp:featuredmedia":[{"embeddable":true,"href":"https:\/\/archive.sana.sy\/tr\/index.php?rest_route=\/wp\/v2\/media\/39361"}],"wp:attachment":[{"href":"https:\/\/archive.sana.sy\/tr\/index.php?rest_route=%2Fwp%2Fv2%2Fmedia&parent=39350"}],"wp:term":[{"taxonomy":"category","embeddable":true,"href":"https:\/\/archive.sana.sy\/tr\/index.php?rest_route=%2Fwp%2Fv2%2Fcategories&post=39350"},{"taxonomy":"post_tag","embeddable":true,"href":"https:\/\/archive.sana.sy\/tr\/index.php?rest_route=%2Fwp%2Fv2%2Ftags&post=39350"}],"curies":[{"name":"wp","href":"https:\/\/api.w.org\/{rel}","templated":true}]}}