{"id":3939,"date":"2014-06-26T12:03:09","date_gmt":"2014-06-26T09:03:09","guid":{"rendered":"http:\/\/www.sana.sy\/tr\/?p=3939"},"modified":"2014-06-26T12:03:09","modified_gmt":"2014-06-26T09:03:09","slug":"patlayici-yuklu-tankerle-duzenlenen-bombali-eyleme-katildiklarini-itiraf-ettiler","status":"publish","type":"post","link":"https:\/\/archive.sana.sy\/tr\/?p=3939","title":{"rendered":"Patlay\u0131c\u0131 Y\u00fckl\u00fc Tankerle D\u00fczenlenen Bombal\u0131 Eyleme Kat\u0131ld\u0131klar\u0131n\u0131 \u0130tiraf Ettiler"},"content":{"rendered":"<p>\u015eAM \u2013 \u0130tiraf\u00e7\u0131 ter\u00f6ristler Mustafa Hamad Hac Muhammet ve Ali Halit el Ali; 10 Nisan 2014 tarihinde Hama\u2019n\u0131n k\u0131rsal\u0131n\u0131n el Kerzali K\u00f6y\u00fc Okulu yak\u0131nlar\u0131nda trakt\u00f6rle \u00e7ektikleri ve patlay\u0131c\u0131 y\u00fckl\u00fc bir tankerle d\u00fczenlenen, 2 vatanda\u015f\u0131m\u0131z\u0131n \u015fehit d\u00fc\u015fmesi ve 10 vatanda\u015f\u0131m\u0131z\u0131n yaralanmas\u0131n\u0131n yan\u0131 s\u0131ra okulun tamamen y\u0131k\u0131lmas\u0131na neden olan ter\u00f6r eyleminde fiili olarak yer ald\u0131klar\u0131n\u0131 itiraf ettiler.<\/p>\n<p>Suriye Televizyonunda yay\u0131nlanan itiraflarda kendini tan\u0131tarak anlat\u0131mlar\u0131na ba\u015flayan Mustafa; silahl\u0131 ter\u00f6r gruplar\u0131yla nas\u0131l tan\u0131\u015ft\u0131\u011f\u0131n\u0131 ve daha sonra bu gruplara kat\u0131lma s\u00fcrecini ayr\u0131nt\u0131l\u0131 olarak anlatt\u0131.<\/p>\n<p>Ter\u00f6r faaliyetlerine ilk ba\u015flama \u015feklini anlat\u0131rken \u00f6nceleri belirlenen ara\u00e7lar\u0131 \u00e7alarak, sahiplerin 15 bin lira kar\u015f\u0131l\u0131\u011f\u0131nda geri verdiklerini ifade etti.<\/p>\n<p>Kerzali K\u00f6y\u00fc Okulu yak\u0131nlar\u0131nda patlay\u0131c\u0131 y\u00fckl\u00fc tankerle d\u00fczenlenen ter\u00f6r sald\u0131r\u0131s\u0131n\u0131n ilk talimat\u0131ndan son uygulamas\u0131na kadar kendi g\u00f6revini ve g\u00f6rev alan herkesin isim ve g\u00f6revlerini ayr\u0131nt\u0131l\u0131 olarak anlatan Mustafa; patlay\u0131c\u0131 y\u00fckl\u00fc tankeri s\u00f6z konusu okulun yan\u0131nda bulunan meydana kendisinin park etti\u011fini ve olay yerinden uzakla\u015ft\u0131ktan sonra tankerin uzaktan kumanda ile patlat\u0131ld\u0131\u011f\u0131n\u0131 belirtti.<\/p>\n<p>\u00d6te yandan di\u011fer itiraf\u00e7\u0131 olan Ali Halit el Ali de kendini tan\u0131tarak ba\u015flad\u0131\u011f\u0131 anlat\u0131mlar\u0131nda; el Remliye k\u00f6y\u00fcnden \u015eeyh Acez Mebtur el Sakiyn isimli bir adam\u0131n, silahl\u0131 ter\u00f6r gruplar\u0131na katliam faaliyetlerinde yard\u0131m etmeyi kabul etmemesi nedeniyle ailesiyle birlikte hunharca katledildi\u011fine tan\u0131k oldu\u011funu vurgulad\u0131.<\/p>\n","protected":false},"excerpt":{"rendered":"<p>\u015eAM \u2013 \u0130tiraf\u00e7\u0131 ter\u00f6ristler Mustafa Hamad Hac Muhammet ve Ali Halit el Ali; 10 Nisan 2014 tarihinde Hama\u2019n\u0131n k\u0131rsal\u0131n\u0131n el Kerzali K\u00f6y\u00fc Okulu yak\u0131nlar\u0131nda trakt\u00f6rle \u00e7ektikleri ve patlay\u0131c\u0131 y\u00fckl\u00fc bir tankerle d\u00fczenlenen, 2 vatanda\u015f\u0131m\u0131z\u0131n \u015fehit d\u00fc\u015fmesi ve 10 vatanda\u015f\u0131m\u0131z\u0131n yaralanmas\u0131n\u0131n yan\u0131 s\u0131ra okulun tamamen y\u0131k\u0131lmas\u0131na neden olan ter\u00f6r eyleminde fiili olarak yer ald\u0131klar\u0131n\u0131 itiraf ettiler. &hellip;<\/p>\n","protected":false},"author":1,"featured_media":3940,"comment_status":"closed","ping_status":"closed","sticky":false,"template":"","format":"standard","meta":{"footnotes":""},"categories":[479,575,478],"tags":[859],"class_list":["post-3939","post","type-post","status-publish","format-standard","has-post-thumbnail","","category-haberler-yerel","category-olaylar-ve-gercekler","category-yerel","tag-patlayici-yuklu-tankerle-duzenlenen-bombali-eyleme-katildiklarini-itiraf-ettiler"],"_links":{"self":[{"href":"https:\/\/archive.sana.sy\/tr\/index.php?rest_route=\/wp\/v2\/posts\/3939","targetHints":{"allow":["GET"]}}],"collection":[{"href":"https:\/\/archive.sana.sy\/tr\/index.php?rest_route=\/wp\/v2\/posts"}],"about":[{"href":"https:\/\/archive.sana.sy\/tr\/index.php?rest_route=\/wp\/v2\/types\/post"}],"author":[{"embeddable":true,"href":"https:\/\/archive.sana.sy\/tr\/index.php?rest_route=\/wp\/v2\/users\/1"}],"replies":[{"embeddable":true,"href":"https:\/\/archive.sana.sy\/tr\/index.php?rest_route=%2Fwp%2Fv2%2Fcomments&post=3939"}],"version-history":[{"count":0,"href":"https:\/\/archive.sana.sy\/tr\/index.php?rest_route=\/wp\/v2\/posts\/3939\/revisions"}],"wp:featuredmedia":[{"embeddable":true,"href":"https:\/\/archive.sana.sy\/tr\/index.php?rest_route=\/wp\/v2\/media\/3940"}],"wp:attachment":[{"href":"https:\/\/archive.sana.sy\/tr\/index.php?rest_route=%2Fwp%2Fv2%2Fmedia&parent=3939"}],"wp:term":[{"taxonomy":"category","embeddable":true,"href":"https:\/\/archive.sana.sy\/tr\/index.php?rest_route=%2Fwp%2Fv2%2Fcategories&post=3939"},{"taxonomy":"post_tag","embeddable":true,"href":"https:\/\/archive.sana.sy\/tr\/index.php?rest_route=%2Fwp%2Fv2%2Ftags&post=3939"}],"curies":[{"name":"wp","href":"https:\/\/api.w.org\/{rel}","templated":true}]}}