{"id":39612,"date":"2015-07-08T16:45:46","date_gmt":"2015-07-08T13:45:46","guid":{"rendered":"http:\/\/www.sana.sy\/tr\/?p=39612"},"modified":"2015-07-08T15:36:56","modified_gmt":"2015-07-08T12:36:56","slug":"sanaya-aciklama-yapan-askeri-kaynak-ordu-birliklerimizin-ic-guvenlik-gucleri-ve-ulusal-guclerle-isbirligi-icinde-haseke-kentinin-leyliye-semtini-tamamen-teroristlerden-temizleyip-guvenlik-ve","status":"publish","type":"post","link":"https:\/\/archive.sana.sy\/tr\/?p=39612","title":{"rendered":"SANA\u2019ya a\u00e7\u0131klama yapan askeri kaynak; ordu birliklerimizin i\u00e7 g\u00fcvenlik g\u00fc\u00e7leri ve ulusal g\u00fc\u00e7lerle i\u015fbirli\u011fi i\u00e7inde Haseke Kentinin Leyliye Semtini tamamen ter\u00f6ristlerden temizleyip g\u00fcvenlik ve kontrol\u00fc ellerine ge\u00e7irdiklerini belirtti. Kaynak semti tekfircilerin semtte say\u0131 ve cephaneleriyle a\u011f\u0131r kay\u0131plar verdiklerini aktard\u0131"},"content":{"rendered":"<p>SANA\u2019ya a\u00e7\u0131klama yapan askeri kaynak; ordu birliklerimizin i\u00e7 g\u00fcvenlik g\u00fc\u00e7leri ve ulusal g\u00fc\u00e7lerle i\u015fbirli\u011fi i\u00e7inde Haseke Kentinin Leyliye Semtini tamamen ter\u00f6ristlerden temizleyip g\u00fcvenlik ve kontrol\u00fc ellerine ge\u00e7irdiklerini belirtti. Kaynak semti tekfircilerin semtte say\u0131 ve cephaneleriyle a\u011f\u0131r kay\u0131plar verdiklerini aktard\u0131<\/p>\n","protected":false},"excerpt":{"rendered":"<p>SANA\u2019ya a\u00e7\u0131klama yapan askeri kaynak; ordu birliklerimizin i\u00e7 g\u00fcvenlik g\u00fc\u00e7leri ve ulusal g\u00fc\u00e7lerle i\u015fbirli\u011fi i\u00e7inde Haseke Kentinin Leyliye Semtini tamamen ter\u00f6ristlerden temizleyip g\u00fcvenlik ve kontrol\u00fc ellerine ge\u00e7irdiklerini belirtti. Kaynak semti tekfircilerin semtte say\u0131 ve cephaneleriyle a\u011f\u0131r kay\u0131plar verdiklerini aktard\u0131<\/p>\n","protected":false},"author":1,"featured_media":0,"comment_status":"closed","ping_status":"closed","sticky":false,"template":"","format":"standard","meta":{"footnotes":""},"categories":[1],"tags":[],"class_list":["post-39612","post","type-post","status-publish","format-standard","","category-news-not-sorted"],"_links":{"self":[{"href":"https:\/\/archive.sana.sy\/tr\/index.php?rest_route=\/wp\/v2\/posts\/39612","targetHints":{"allow":["GET"]}}],"collection":[{"href":"https:\/\/archive.sana.sy\/tr\/index.php?rest_route=\/wp\/v2\/posts"}],"about":[{"href":"https:\/\/archive.sana.sy\/tr\/index.php?rest_route=\/wp\/v2\/types\/post"}],"author":[{"embeddable":true,"href":"https:\/\/archive.sana.sy\/tr\/index.php?rest_route=\/wp\/v2\/users\/1"}],"replies":[{"embeddable":true,"href":"https:\/\/archive.sana.sy\/tr\/index.php?rest_route=%2Fwp%2Fv2%2Fcomments&post=39612"}],"version-history":[{"count":0,"href":"https:\/\/archive.sana.sy\/tr\/index.php?rest_route=\/wp\/v2\/posts\/39612\/revisions"}],"wp:attachment":[{"href":"https:\/\/archive.sana.sy\/tr\/index.php?rest_route=%2Fwp%2Fv2%2Fmedia&parent=39612"}],"wp:term":[{"taxonomy":"category","embeddable":true,"href":"https:\/\/archive.sana.sy\/tr\/index.php?rest_route=%2Fwp%2Fv2%2Fcategories&post=39612"},{"taxonomy":"post_tag","embeddable":true,"href":"https:\/\/archive.sana.sy\/tr\/index.php?rest_route=%2Fwp%2Fv2%2Ftags&post=39612"}],"curies":[{"name":"wp","href":"https:\/\/api.w.org\/{rel}","templated":true}]}}