{"id":39623,"date":"2015-07-08T16:08:11","date_gmt":"2015-07-08T13:08:11","guid":{"rendered":"http:\/\/sana.sy\/tr\/?p=39623"},"modified":"2015-07-08T16:08:11","modified_gmt":"2015-07-08T13:08:11","slug":"yurtdisinda-suriye-urunlerine-talep-firsat-kullanilacak","status":"publish","type":"post","link":"https:\/\/archive.sana.sy\/tr\/?p=39623","title":{"rendered":"Yurtd\u0131\u015f\u0131nda Suriye \u00dcr\u00fcnlerine Talep F\u0131rsat Kullan\u0131lacak"},"content":{"rendered":"<p>\u015eAM \u2013 11 i\u015fadam\u0131ndan olu\u015fan ekonomi faaliyetlerinden bir grup ulusal ekonomiye destek ve Suriye&#8217;ye uygulanan kat\u0131 ekonomik yapt\u0131r\u0131mlarla m\u00fccadele amac\u0131yla yurtd\u0131\u015f\u0131nda bir\u00e7ok devlette ticaret merkezleri a\u00e7ma haz\u0131rl\u0131\u011f\u0131 yap\u0131yor.<\/p>\n<p>S\u00f6z konusu i\u015fadamlar\u0131ndan biri olan Samir Rbata SANA\u2019ya a\u00e7\u0131klamas\u0131nda grubun s\u00f6z konusu \u00e7al\u0131\u015fmalar\u0131nda sanayi, ticaret ve tar\u0131m aras\u0131nda bir denge sa\u011flamaya \u00e7al\u0131\u015faca\u011f\u0131n\u0131, Suriye liras\u0131 ve ekonomisine destek amac\u0131yla b\u00fcy\u00fck projeleri hayata ge\u00e7irece\u011fini belirtti.<\/p>\n<p>Rbata \u00f6n\u00fcm\u00fczdeki birka\u00e7 g\u00fcn i\u00e7inde Dubai, Almanya, M\u0131s\u0131r, Cezayir, Venez\u00fcella ve G\u00fcney Afrika\u2019da ticaret merkezlerinin a\u00e7\u0131laca\u011f\u0131n\u0131 a\u00e7\u0131klarken, bu merkezlerde Suriye \u00fcretimi muhtelif g\u0131da, el sanatlar\u0131, tekstil ve daha ba\u015fka \u00fcr\u00fcnlerin sat\u0131laca\u011f\u0131n\u0131 belirtti.<\/p>\n<p>Suriye&#8217;de muhtelif alanlarda \u00fcretilen bir\u00e7ok \u00fcr\u00fcn\u00fcn yurtd\u0131\u015f\u0131nda b\u00fcy\u00fck ilgi ve talep g\u00f6rd\u00fc\u011f\u00fcne dikkat \u00e7eken Rbata; bunu ulusal ekonomiye destek ba\u011flam\u0131nda f\u0131rsat olarak kullanman\u0131n \u00f6nemini ifade etti.<\/p>\n<p>A.A. &#8211; M.M.<\/p>\n","protected":false},"excerpt":{"rendered":"<p>\u015eAM \u2013 11 i\u015fadam\u0131ndan olu\u015fan ekonomi faaliyetlerinden bir grup ulusal ekonomiye destek ve Suriye&#8217;ye uygulanan kat\u0131 ekonomik yapt\u0131r\u0131mlarla m\u00fccadele amac\u0131yla yurtd\u0131\u015f\u0131nda bir\u00e7ok devlette ticaret merkezleri a\u00e7ma haz\u0131rl\u0131\u011f\u0131 yap\u0131yor. S\u00f6z konusu i\u015fadamlar\u0131ndan biri olan Samir Rbata SANA\u2019ya a\u00e7\u0131klamas\u0131nda grubun s\u00f6z konusu \u00e7al\u0131\u015fmalar\u0131nda sanayi, ticaret ve tar\u0131m aras\u0131nda bir denge sa\u011flamaya \u00e7al\u0131\u015faca\u011f\u0131n\u0131, Suriye liras\u0131 ve ekonomisine destek &hellip;<\/p>\n","protected":false},"author":1,"featured_media":39625,"comment_status":"closed","ping_status":"closed","sticky":false,"template":"","format":"standard","meta":{"footnotes":""},"categories":[485,486],"tags":[15731],"class_list":["post-39623","post","type-post","status-publish","format-standard","has-post-thumbnail","","category-is-ve-sermaye","category-haberler-is-ve-sermaye","tag-yurtdisinda-suriye-urunlerine-talep-firsat-kullanilacak"],"_links":{"self":[{"href":"https:\/\/archive.sana.sy\/tr\/index.php?rest_route=\/wp\/v2\/posts\/39623","targetHints":{"allow":["GET"]}}],"collection":[{"href":"https:\/\/archive.sana.sy\/tr\/index.php?rest_route=\/wp\/v2\/posts"}],"about":[{"href":"https:\/\/archive.sana.sy\/tr\/index.php?rest_route=\/wp\/v2\/types\/post"}],"author":[{"embeddable":true,"href":"https:\/\/archive.sana.sy\/tr\/index.php?rest_route=\/wp\/v2\/users\/1"}],"replies":[{"embeddable":true,"href":"https:\/\/archive.sana.sy\/tr\/index.php?rest_route=%2Fwp%2Fv2%2Fcomments&post=39623"}],"version-history":[{"count":0,"href":"https:\/\/archive.sana.sy\/tr\/index.php?rest_route=\/wp\/v2\/posts\/39623\/revisions"}],"wp:featuredmedia":[{"embeddable":true,"href":"https:\/\/archive.sana.sy\/tr\/index.php?rest_route=\/wp\/v2\/media\/39625"}],"wp:attachment":[{"href":"https:\/\/archive.sana.sy\/tr\/index.php?rest_route=%2Fwp%2Fv2%2Fmedia&parent=39623"}],"wp:term":[{"taxonomy":"category","embeddable":true,"href":"https:\/\/archive.sana.sy\/tr\/index.php?rest_route=%2Fwp%2Fv2%2Fcategories&post=39623"},{"taxonomy":"post_tag","embeddable":true,"href":"https:\/\/archive.sana.sy\/tr\/index.php?rest_route=%2Fwp%2Fv2%2Ftags&post=39623"}],"curies":[{"name":"wp","href":"https:\/\/api.w.org\/{rel}","templated":true}]}}