{"id":39627,"date":"2015-07-08T16:21:16","date_gmt":"2015-07-08T13:21:16","guid":{"rendered":"http:\/\/sana.sy\/tr\/?p=39627"},"modified":"2015-07-08T16:21:16","modified_gmt":"2015-07-08T13:21:16","slug":"baba-amroda-gonullu-cevre-etkinligi","status":"publish","type":"post","link":"https:\/\/archive.sana.sy\/tr\/?p=39627","title":{"rendered":"Baba Amro\u2019da G\u00f6n\u00fcll\u00fc \u00c7evre Etkinli\u011fi"},"content":{"rendered":"<p>HOMS \u2013 Devrim Gen\u00e7li\u011fi Birli\u011fi Homs il \u015fubesi bug\u00fcn Homs Kentinin Baba Amro Semtinin giri\u015finde 250 gencin kat\u0131l\u0131m\u0131yla g\u00f6n\u00fcll\u00fc \u00e7evre etkinli\u011fi ba\u015flatt\u0131.<\/p>\n<p>Birli\u011fin \u015fube m\u00fcd\u00fcr\u00fc \u015ehade Matar \u015fubenin bir dizi sosyal faaliyeti \u00e7er\u00e7evesinde 3 g\u00fcn s\u00fcreyle d\u00fczenlenen etkinlikte gen\u00e7lerin yurtseverli\u011fini ve duyarl\u0131l\u0131\u011f\u0131n\u0131 yans\u0131tt\u0131\u011f\u0131n\u0131 ifade etti. Matar gen\u00e7lerin toplumsal kalk\u0131nma ve hizmete duyarl\u0131 olduklar\u0131na dikkat \u00e7ekerken; b\u00f6lgede mevcut enkaz\u0131 kald\u0131rma, \u00e7\u00f6p ve bitkileri temizlemek i\u00e7in gerekli malzeme ve gere\u00e7lerin belediyen temin edilece\u011fini s\u00f6yledi.<\/p>\n<p>Devrim Gen\u00e7li\u011fi Birli\u011finin Homs \u015eubesi d\u00fcn de 100 gencin kat\u0131l\u0131m\u0131yla Homs Kentindeki R\u0131zk Sellum Okulu mukabilindeki park\u0131 temizleyip d\u00fczenlemi\u015fti.<\/p>\n<div id='gallery-1' class='gallery galleryid-39627 gallery-columns-2 gallery-size-medium'><figure class='gallery-item'>\n\t\t\t<div class='gallery-icon landscape'>\n\t\t\t\t<a href='https:\/\/archive.sana.sy\/tr\/wp-content\/uploads\/2015\/07\/Homs-2.jpg'><img loading=\"lazy\" decoding=\"async\" width=\"300\" height=\"174\" src=\"https:\/\/archive.sana.sy\/tr\/wp-content\/uploads\/2015\/07\/Homs-2-300x174.jpg\" class=\"attachment-medium size-medium\" alt=\"\" srcset=\"https:\/\/archive.sana.sy\/tr\/wp-content\/uploads\/2015\/07\/Homs-2-300x174.jpg 300w, https:\/\/archive.sana.sy\/tr\/wp-content\/uploads\/2015\/07\/Homs-2-150x87.jpg 150w, https:\/\/archive.sana.sy\/tr\/wp-content\/uploads\/2015\/07\/Homs-2.jpg 793w\" sizes=\"auto, (max-width: 300px) 100vw, 300px\" \/><\/a>\n\t\t\t<\/div><\/figure><figure class='gallery-item'>\n\t\t\t<div class='gallery-icon landscape'>\n\t\t\t\t<a href='https:\/\/archive.sana.sy\/tr\/wp-content\/uploads\/2015\/07\/Homs.jpg'><img loading=\"lazy\" decoding=\"async\" width=\"300\" height=\"181\" src=\"https:\/\/archive.sana.sy\/tr\/wp-content\/uploads\/2015\/07\/Homs-300x181.jpg\" class=\"attachment-medium size-medium\" alt=\"\" srcset=\"https:\/\/archive.sana.sy\/tr\/wp-content\/uploads\/2015\/07\/Homs-300x181.jpg 300w, https:\/\/archive.sana.sy\/tr\/wp-content\/uploads\/2015\/07\/Homs-150x90.jpg 150w, https:\/\/archive.sana.sy\/tr\/wp-content\/uploads\/2015\/07\/Homs.jpg 523w\" sizes=\"auto, (max-width: 300px) 100vw, 300px\" \/><\/a>\n\t\t\t<\/div><\/figure>\n\t\t<\/div>\n\n<p>A.A. &#8211; M.M.<\/p>\n","protected":false},"excerpt":{"rendered":"<p>HOMS \u2013 Devrim Gen\u00e7li\u011fi Birli\u011fi Homs il \u015fubesi bug\u00fcn Homs Kentinin Baba Amro Semtinin giri\u015finde 250 gencin kat\u0131l\u0131m\u0131yla g\u00f6n\u00fcll\u00fc \u00e7evre etkinli\u011fi ba\u015flatt\u0131. Birli\u011fin \u015fube m\u00fcd\u00fcr\u00fc \u015ehade Matar \u015fubenin bir dizi sosyal faaliyeti \u00e7er\u00e7evesinde 3 g\u00fcn s\u00fcreyle d\u00fczenlenen etkinlikte gen\u00e7lerin yurtseverli\u011fini ve duyarl\u0131l\u0131\u011f\u0131n\u0131 yans\u0131tt\u0131\u011f\u0131n\u0131 ifade etti. Matar gen\u00e7lerin toplumsal kalk\u0131nma ve hizmete duyarl\u0131 olduklar\u0131na dikkat \u00e7ekerken; &hellip;<\/p>\n","protected":false},"author":1,"featured_media":39628,"comment_status":"closed","ping_status":"closed","sticky":false,"template":"","format":"standard","meta":{"footnotes":""},"categories":[1],"tags":[15732],"class_list":["post-39627","post","type-post","status-publish","format-standard","has-post-thumbnail","","category-news-not-sorted","tag-baba-amroda-gonullu-cevre-etkinligi"],"_links":{"self":[{"href":"https:\/\/archive.sana.sy\/tr\/index.php?rest_route=\/wp\/v2\/posts\/39627","targetHints":{"allow":["GET"]}}],"collection":[{"href":"https:\/\/archive.sana.sy\/tr\/index.php?rest_route=\/wp\/v2\/posts"}],"about":[{"href":"https:\/\/archive.sana.sy\/tr\/index.php?rest_route=\/wp\/v2\/types\/post"}],"author":[{"embeddable":true,"href":"https:\/\/archive.sana.sy\/tr\/index.php?rest_route=\/wp\/v2\/users\/1"}],"replies":[{"embeddable":true,"href":"https:\/\/archive.sana.sy\/tr\/index.php?rest_route=%2Fwp%2Fv2%2Fcomments&post=39627"}],"version-history":[{"count":0,"href":"https:\/\/archive.sana.sy\/tr\/index.php?rest_route=\/wp\/v2\/posts\/39627\/revisions"}],"wp:featuredmedia":[{"embeddable":true,"href":"https:\/\/archive.sana.sy\/tr\/index.php?rest_route=\/wp\/v2\/media\/39628"}],"wp:attachment":[{"href":"https:\/\/archive.sana.sy\/tr\/index.php?rest_route=%2Fwp%2Fv2%2Fmedia&parent=39627"}],"wp:term":[{"taxonomy":"category","embeddable":true,"href":"https:\/\/archive.sana.sy\/tr\/index.php?rest_route=%2Fwp%2Fv2%2Fcategories&post=39627"},{"taxonomy":"post_tag","embeddable":true,"href":"https:\/\/archive.sana.sy\/tr\/index.php?rest_route=%2Fwp%2Fv2%2Ftags&post=39627"}],"curies":[{"name":"wp","href":"https:\/\/api.w.org\/{rel}","templated":true}]}}