{"id":39632,"date":"2015-07-08T16:57:51","date_gmt":"2015-07-08T13:57:51","guid":{"rendered":"http:\/\/sana.sy\/tr\/?p=39632"},"modified":"2015-07-08T16:57:51","modified_gmt":"2015-07-08T13:57:51","slug":"cocuklariniz-bizlere-emanettir","status":"publish","type":"post","link":"https:\/\/archive.sana.sy\/tr\/?p=39632","title":{"rendered":"\u00c7ocuklar\u0131n\u0131z Bizlere Emanettir"},"content":{"rendered":"<p>HAMA \u2013 Suriye Gen\u00e7leri Parmak \u0130zi Kurumu Hama k\u0131rsal\u0131na d\u00fc\u015fen Mharde Kentindeki K\u00fclt\u00fcr Merkeziyle i\u015fbirli\u011fi i\u00e7inde \u2018\u00c7ocuklar\u0131n\u0131z Bizlere Emanettir\u2019 slogan\u0131 alt\u0131nda ba\u015flatt\u0131\u011f\u0131 \u015fehit \u00e7ocuklar\u0131na g\u00f6n\u00fcll\u00fc \u00f6\u011fretmenlik yapma kampanyas\u0131n\u0131n ikinci s\u00fcrecini ba\u015flatt\u0131.<\/p>\n<p><a href=\"http:\/\/sana.sy\/tr\/wp-content\/uploads\/2015\/07\/Hama-k\u0131rsal\u0131-1.jpg\"><img loading=\"lazy\" decoding=\"async\" class=\"alignright wp-image-39634 size-medium\" src=\"http:\/\/sana.sy\/tr\/wp-content\/uploads\/2015\/07\/Hama-k\u0131rsal\u0131-1-300x160.jpg\" alt=\"Hama k\u0131rsal\u0131 1\" width=\"300\" height=\"160\" srcset=\"https:\/\/archive.sana.sy\/tr\/wp-content\/uploads\/2015\/07\/Hama-k\u0131rsal\u0131-1-300x160.jpg 300w, https:\/\/archive.sana.sy\/tr\/wp-content\/uploads\/2015\/07\/Hama-k\u0131rsal\u0131-1-150x80.jpg 150w, https:\/\/archive.sana.sy\/tr\/wp-content\/uploads\/2015\/07\/Hama-k\u0131rsal\u0131-1.jpg 620w\" sizes=\"auto, (max-width: 300px) 100vw, 300px\" \/><\/a>Kurumun Mharde \u015fube m\u00fcd\u00fcr\u00fc Hazim Carbu SANA\u2019ya a\u00e7\u0131klamas\u0131nda kampanyan\u0131n ikinci s\u00fcrecinin \u015fehit \u00e7ocuklar\u0131ndan 50 \u00f6\u011frenciyi kapsad\u0131\u011f\u0131n\u0131 a\u00e7\u0131klad\u0131. Carbu canlar\u0131n\u0131 vatan ve vatanda\u015flar\u0131n g\u00fcvenli\u011fi i\u00e7in feda eden \u015fehitlerimize takdir ve minnettarl\u0131\u011f\u0131n bir ifadesi olarak \u00e7ocuklar\u0131na \u00fccretsiz dersler vermenin insani ve vatani bir g\u00f6rev oldu\u011funu ifade etti.<\/p>\n<p>Kampanyan\u0131n bu ikinci s\u00fcrecinde dokuzuncu s\u0131n\u0131f \u00f6\u011frencilerine ders program\u0131n\u0131n tamam\u0131n\u0131n verilece\u011fini belirten Carbu; yeni \u00f6\u011fretim y\u0131l\u0131n\u0131n ba\u015flamas\u0131yla da t\u00fcm s\u0131n\u0131flara ve ya\u015flara yeni ders programlar\u0131 ba\u015flat\u0131laca\u011f\u0131n\u0131 s\u00f6yledi.<\/p>\n<p>Carbu \u015fehit \u00e7ocuklar\u0131na \u00fccretsiz dersler vermenin Mharde\u2019deki sosyal halk faaliyetleri taraf\u0131ndan organize edildi\u011fini belirterek, kampanyaya \u00f6\u011frenciler ve \u00f6\u011fretmenler taraf\u0131ndan b\u00fcy\u00fck ilgi g\u00f6sterildi\u011fini s\u00f6yledi.<\/p>\n<p>A.A. &#8211; M.M.<\/p>\n","protected":false},"excerpt":{"rendered":"<p>HAMA \u2013 Suriye Gen\u00e7leri Parmak \u0130zi Kurumu Hama k\u0131rsal\u0131na d\u00fc\u015fen Mharde Kentindeki K\u00fclt\u00fcr Merkeziyle i\u015fbirli\u011fi i\u00e7inde \u2018\u00c7ocuklar\u0131n\u0131z Bizlere Emanettir\u2019 slogan\u0131 alt\u0131nda ba\u015flatt\u0131\u011f\u0131 \u015fehit \u00e7ocuklar\u0131na g\u00f6n\u00fcll\u00fc \u00f6\u011fretmenlik yapma kampanyas\u0131n\u0131n ikinci s\u00fcrecini ba\u015flatt\u0131. Kurumun Mharde \u015fube m\u00fcd\u00fcr\u00fc Hazim Carbu SANA\u2019ya a\u00e7\u0131klamas\u0131nda kampanyan\u0131n ikinci s\u00fcrecinin \u015fehit \u00e7ocuklar\u0131ndan 50 \u00f6\u011frenciyi kapsad\u0131\u011f\u0131n\u0131 a\u00e7\u0131klad\u0131. Carbu canlar\u0131n\u0131 vatan ve vatanda\u015flar\u0131n g\u00fcvenli\u011fi i\u00e7in &hellip;<\/p>\n","protected":false},"author":1,"featured_media":39633,"comment_status":"closed","ping_status":"closed","sticky":false,"template":"","format":"standard","meta":{"footnotes":""},"categories":[479,478],"tags":[15733],"class_list":["post-39632","post","type-post","status-publish","format-standard","has-post-thumbnail","","category-haberler-yerel","category-yerel","tag-cocuklariniz-bizlere-emanettir"],"_links":{"self":[{"href":"https:\/\/archive.sana.sy\/tr\/index.php?rest_route=\/wp\/v2\/posts\/39632","targetHints":{"allow":["GET"]}}],"collection":[{"href":"https:\/\/archive.sana.sy\/tr\/index.php?rest_route=\/wp\/v2\/posts"}],"about":[{"href":"https:\/\/archive.sana.sy\/tr\/index.php?rest_route=\/wp\/v2\/types\/post"}],"author":[{"embeddable":true,"href":"https:\/\/archive.sana.sy\/tr\/index.php?rest_route=\/wp\/v2\/users\/1"}],"replies":[{"embeddable":true,"href":"https:\/\/archive.sana.sy\/tr\/index.php?rest_route=%2Fwp%2Fv2%2Fcomments&post=39632"}],"version-history":[{"count":0,"href":"https:\/\/archive.sana.sy\/tr\/index.php?rest_route=\/wp\/v2\/posts\/39632\/revisions"}],"wp:featuredmedia":[{"embeddable":true,"href":"https:\/\/archive.sana.sy\/tr\/index.php?rest_route=\/wp\/v2\/media\/39633"}],"wp:attachment":[{"href":"https:\/\/archive.sana.sy\/tr\/index.php?rest_route=%2Fwp%2Fv2%2Fmedia&parent=39632"}],"wp:term":[{"taxonomy":"category","embeddable":true,"href":"https:\/\/archive.sana.sy\/tr\/index.php?rest_route=%2Fwp%2Fv2%2Fcategories&post=39632"},{"taxonomy":"post_tag","embeddable":true,"href":"https:\/\/archive.sana.sy\/tr\/index.php?rest_route=%2Fwp%2Fv2%2Ftags&post=39632"}],"curies":[{"name":"wp","href":"https:\/\/api.w.org\/{rel}","templated":true}]}}