{"id":39637,"date":"2015-07-08T19:08:44","date_gmt":"2015-07-08T16:08:44","guid":{"rendered":"http:\/\/sana.sy\/tr\/?p=39637"},"modified":"2015-07-08T19:08:44","modified_gmt":"2015-07-08T16:08:44","slug":"el-esad-iran-ve-suriye-arasindaki-kredi-hatti-anlasmasini-onayladi","status":"publish","type":"post","link":"https:\/\/archive.sana.sy\/tr\/?p=39637","title":{"rendered":"El Esad \u0130ran ve Suriye Aras\u0131ndaki Kredi Hatt\u0131 Anla\u015fmas\u0131n\u0131 Onaylad\u0131"},"content":{"rendered":"<p>\u015eAM \u2013 Cumhurba\u015fkan\u0131 Be\u015f\u015far el Esad bug\u00fcn Suriye ve \u0130ran aras\u0131ndaki ortak yat\u0131r\u0131mlar, ithalat ve ihracat\u0131 finanse edecek kredi hatt\u0131na anla\u015fmas\u0131na ili\u015fkin 2015\/8 nolu kanunu onaylad\u0131.<\/p>\n<p>Bir milyar Amerikan dolar\u0131 yada buna e\u015f yerel para de\u011ferinde olan kredi hatt\u0131 kanun tasar\u0131s\u0131 daha \u00f6nce h\u00fck\u00fcmet ve Halk Meclisi taraf\u0131ndan ayr\u0131 ayr\u0131 tart\u0131\u015f\u0131l\u0131p onaylanm\u0131\u015ft\u0131.<\/p>\n<p>A.A. &#8211; M.M.<\/p>\n","protected":false},"excerpt":{"rendered":"<p>\u015eAM \u2013 Cumhurba\u015fkan\u0131 Be\u015f\u015far el Esad bug\u00fcn Suriye ve \u0130ran aras\u0131ndaki ortak yat\u0131r\u0131mlar, ithalat ve ihracat\u0131 finanse edecek kredi hatt\u0131na anla\u015fmas\u0131na ili\u015fkin 2015\/8 nolu kanunu onaylad\u0131. Bir milyar Amerikan dolar\u0131 yada buna e\u015f yerel para de\u011ferinde olan kredi hatt\u0131 kanun tasar\u0131s\u0131 daha \u00f6nce h\u00fck\u00fcmet ve Halk Meclisi taraf\u0131ndan ayr\u0131 ayr\u0131 tart\u0131\u015f\u0131l\u0131p onaylanm\u0131\u015ft\u0131. A.A. &#8211; M.M.<\/p>\n","protected":false},"author":1,"featured_media":39386,"comment_status":"closed","ping_status":"closed","sticky":false,"template":"","format":"standard","meta":{"footnotes":""},"categories":[485,486,605,612,599],"tags":[15734],"class_list":["post-39637","post","type-post","status-publish","format-standard","has-post-thumbnail","","category-is-ve-sermaye","category-haberler-is-ve-sermaye","category-sayin-cumhurbaskani","category-yasama-kararnameler","category-yasama-ve-kanunlar","tag-el-esad-iran-ve-suriye-arasindaki-kredi-hatti-anlasmasini-onayladi"],"_links":{"self":[{"href":"https:\/\/archive.sana.sy\/tr\/index.php?rest_route=\/wp\/v2\/posts\/39637","targetHints":{"allow":["GET"]}}],"collection":[{"href":"https:\/\/archive.sana.sy\/tr\/index.php?rest_route=\/wp\/v2\/posts"}],"about":[{"href":"https:\/\/archive.sana.sy\/tr\/index.php?rest_route=\/wp\/v2\/types\/post"}],"author":[{"embeddable":true,"href":"https:\/\/archive.sana.sy\/tr\/index.php?rest_route=\/wp\/v2\/users\/1"}],"replies":[{"embeddable":true,"href":"https:\/\/archive.sana.sy\/tr\/index.php?rest_route=%2Fwp%2Fv2%2Fcomments&post=39637"}],"version-history":[{"count":0,"href":"https:\/\/archive.sana.sy\/tr\/index.php?rest_route=\/wp\/v2\/posts\/39637\/revisions"}],"wp:featuredmedia":[{"embeddable":true,"href":"https:\/\/archive.sana.sy\/tr\/index.php?rest_route=\/wp\/v2\/media\/39386"}],"wp:attachment":[{"href":"https:\/\/archive.sana.sy\/tr\/index.php?rest_route=%2Fwp%2Fv2%2Fmedia&parent=39637"}],"wp:term":[{"taxonomy":"category","embeddable":true,"href":"https:\/\/archive.sana.sy\/tr\/index.php?rest_route=%2Fwp%2Fv2%2Fcategories&post=39637"},{"taxonomy":"post_tag","embeddable":true,"href":"https:\/\/archive.sana.sy\/tr\/index.php?rest_route=%2Fwp%2Fv2%2Ftags&post=39637"}],"curies":[{"name":"wp","href":"https:\/\/api.w.org\/{rel}","templated":true}]}}