{"id":39639,"date":"2015-07-08T19:19:30","date_gmt":"2015-07-08T16:19:30","guid":{"rendered":"http:\/\/sana.sy\/tr\/?p=39639"},"modified":"2015-07-09T19:24:00","modified_gmt":"2015-07-09T16:24:00","slug":"genelkurmay-baskani-zebadanide-operasyonlarin-seyrini-inceledi","status":"publish","type":"post","link":"https:\/\/archive.sana.sy\/tr\/?p=39639","title":{"rendered":"Genelkurmay Ba\u015fkan\u0131 Zebadani\u2019de Operasyonlar\u0131n Seyrini \u0130nceledi"},"content":{"rendered":"<p>\u015eAM KIRSALI \u2013 Genel Kurmay Ba\u015fkan\u0131 Korgeneral Ali Abdullah Ey\u00fcp bug\u00fcn Ordu ve Silahl\u0131 Kuvvetler Genel Komutanl\u0131\u011f\u0131nda subaylar\u0131n e\u015fli\u011finde \u015eam k\u0131rsal\u0131 Zebadani B\u00f6lgesinde ter\u00f6re kar\u015f\u0131 sava\u015fan askeri birliklerimize saha gezisinde bulundu.<\/p>\n<p>Ordu ve Silahl\u0131 Kuvvetler Genel Komutan\u0131 Orgeneral Be\u015f\u015far el Esad\u2019\u0131n y\u00f6nlendirmeleri do\u011frultusunda ger\u00e7ekle\u015ftirdi\u011fi saha gezisinde Korgeneral Ey\u00fcp; L\u00fcbnan direni\u015f g\u00fc\u00e7leri ve halk savunma g\u00fc\u00e7lerinin i\u015fbirli\u011fi ile ordu birliklerimizin ter\u00f6ristlere kar\u015f\u0131 operasyonlar\u0131n\u0131 inceledi. Korgeneral Ey\u00fcp incelemeleri s\u0131ras\u0131nda b\u00f6lgedeki saha komutanlar\u0131m\u0131zdan operasyonlar\u0131n seyri ve b\u00f6lgenin stratejik \u00f6nemi hakk\u0131nda bilgi ald\u0131.<\/p>\n<p>B\u00f6lgede tekfirci ve vatan haini ter\u00f6ristlere kar\u015f\u0131 ordu birliklerimizin ba\u015far\u0131 ve zaferlerini \u00f6ven Genelkurmay Ba\u015fkan\u0131 Ey\u00fcp; ordu ve silahl\u0131 kuvvetlerimizin yurdun her kar\u0131\u015f topra\u011f\u0131n\u0131 ter\u00f6r ve ricsinden temizlemede ulusal duyarl\u0131l\u0131k ve sorumlulu\u011funu s\u00fcrd\u00fcrme azminde oldu\u011funun alt\u0131n\u0131 \u00e7izdi.<\/p>\n<p>B\u00f6lgede ter\u00f6re kar\u015f\u0131 sava\u015fan asker ve komutanlar\u0131m\u0131z ulusal g\u00f6revlerini en iyi \u015fekilde s\u00fcrd\u00fcrme azminde olduklar\u0131n\u0131 ifade ederken, bu ama\u00e7lar\u0131nda en \u00f6nemli silahlar\u0131n\u0131n vatana inan\u00e7lar\u0131 ve halk\u0131n onlara g\u00fcveni oldu\u011funu belirttiler.<\/p>\n<div id='gallery-1' class='gallery galleryid-39639 gallery-columns-2 gallery-size-medium'><figure class='gallery-item'>\n\t\t\t<div class='gallery-icon landscape'>\n\t\t\t\t<a href='https:\/\/archive.sana.sy\/tr\/wp-content\/uploads\/2015\/07\/Ey\u00fcb-2.jpg'><img loading=\"lazy\" decoding=\"async\" width=\"300\" height=\"199\" src=\"https:\/\/archive.sana.sy\/tr\/wp-content\/uploads\/2015\/07\/Ey\u00fcb-2-300x199.jpg\" class=\"attachment-medium size-medium\" alt=\"\" srcset=\"https:\/\/archive.sana.sy\/tr\/wp-content\/uploads\/2015\/07\/Ey\u00fcb-2-300x199.jpg 300w, https:\/\/archive.sana.sy\/tr\/wp-content\/uploads\/2015\/07\/Ey\u00fcb-2-150x100.jpg 150w, https:\/\/archive.sana.sy\/tr\/wp-content\/uploads\/2015\/07\/Ey\u00fcb-2.jpg 500w\" sizes=\"auto, (max-width: 300px) 100vw, 300px\" \/><\/a>\n\t\t\t<\/div><\/figure><figure class='gallery-item'>\n\t\t\t<div class='gallery-icon landscape'>\n\t\t\t\t<a href='https:\/\/archive.sana.sy\/tr\/wp-content\/uploads\/2015\/07\/Ey\u00fcb-3.jpg'><img loading=\"lazy\" decoding=\"async\" width=\"300\" height=\"160\" src=\"https:\/\/archive.sana.sy\/tr\/wp-content\/uploads\/2015\/07\/Ey\u00fcb-3-300x160.jpg\" class=\"attachment-medium size-medium\" alt=\"\" srcset=\"https:\/\/archive.sana.sy\/tr\/wp-content\/uploads\/2015\/07\/Ey\u00fcb-3-300x160.jpg 300w, https:\/\/archive.sana.sy\/tr\/wp-content\/uploads\/2015\/07\/Ey\u00fcb-3-150x80.jpg 150w, https:\/\/archive.sana.sy\/tr\/wp-content\/uploads\/2015\/07\/Ey\u00fcb-3.jpg 620w\" sizes=\"auto, (max-width: 300px) 100vw, 300px\" \/><\/a>\n\t\t\t<\/div><\/figure>\n\t\t<\/div>\n\n<p>A.A. &#8211; M.M.<\/p>\n","protected":false},"excerpt":{"rendered":"<p>\u015eAM KIRSALI \u2013 Genel Kurmay Ba\u015fkan\u0131 Korgeneral Ali Abdullah Ey\u00fcp bug\u00fcn Ordu ve Silahl\u0131 Kuvvetler Genel Komutanl\u0131\u011f\u0131nda subaylar\u0131n e\u015fli\u011finde \u015eam k\u0131rsal\u0131 Zebadani B\u00f6lgesinde ter\u00f6re kar\u015f\u0131 sava\u015fan askeri birliklerimize saha gezisinde bulundu. Ordu ve Silahl\u0131 Kuvvetler Genel Komutan\u0131 Orgeneral Be\u015f\u015far el Esad\u2019\u0131n y\u00f6nlendirmeleri do\u011frultusunda ger\u00e7ekle\u015ftirdi\u011fi saha gezisinde Korgeneral Ey\u00fcp; L\u00fcbnan direni\u015f g\u00fc\u00e7leri ve halk savunma g\u00fc\u00e7lerinin &hellip;<\/p>\n","protected":false},"author":1,"featured_media":39643,"comment_status":"closed","ping_status":"closed","sticky":false,"template":"","format":"standard","meta":{"footnotes":""},"categories":[479,575,478],"tags":[15735],"class_list":["post-39639","post","type-post","status-publish","format-standard","has-post-thumbnail","","category-haberler-yerel","category-olaylar-ve-gercekler","category-yerel","tag-genelkurmay-baskani-zebadanide-operasyonlarin-seyrini-inceledi"],"_links":{"self":[{"href":"https:\/\/archive.sana.sy\/tr\/index.php?rest_route=\/wp\/v2\/posts\/39639","targetHints":{"allow":["GET"]}}],"collection":[{"href":"https:\/\/archive.sana.sy\/tr\/index.php?rest_route=\/wp\/v2\/posts"}],"about":[{"href":"https:\/\/archive.sana.sy\/tr\/index.php?rest_route=\/wp\/v2\/types\/post"}],"author":[{"embeddable":true,"href":"https:\/\/archive.sana.sy\/tr\/index.php?rest_route=\/wp\/v2\/users\/1"}],"replies":[{"embeddable":true,"href":"https:\/\/archive.sana.sy\/tr\/index.php?rest_route=%2Fwp%2Fv2%2Fcomments&post=39639"}],"version-history":[{"count":0,"href":"https:\/\/archive.sana.sy\/tr\/index.php?rest_route=\/wp\/v2\/posts\/39639\/revisions"}],"wp:featuredmedia":[{"embeddable":true,"href":"https:\/\/archive.sana.sy\/tr\/index.php?rest_route=\/wp\/v2\/media\/39643"}],"wp:attachment":[{"href":"https:\/\/archive.sana.sy\/tr\/index.php?rest_route=%2Fwp%2Fv2%2Fmedia&parent=39639"}],"wp:term":[{"taxonomy":"category","embeddable":true,"href":"https:\/\/archive.sana.sy\/tr\/index.php?rest_route=%2Fwp%2Fv2%2Fcategories&post=39639"},{"taxonomy":"post_tag","embeddable":true,"href":"https:\/\/archive.sana.sy\/tr\/index.php?rest_route=%2Fwp%2Fv2%2Ftags&post=39639"}],"curies":[{"name":"wp","href":"https:\/\/api.w.org\/{rel}","templated":true}]}}