{"id":39642,"date":"2015-07-09T09:50:44","date_gmt":"2015-07-09T06:50:44","guid":{"rendered":"http:\/\/sana.sy\/tr\/?p=39642"},"modified":"2015-07-09T13:21:06","modified_gmt":"2015-07-09T10:21:06","slug":"cek-cumhuriyeti-krizin-baslangicindan-itibaren-diyalog-ve-siyasi-cozum-cagrisi-yapiyor","status":"publish","type":"post","link":"https:\/\/archive.sana.sy\/tr\/?p=39642","title":{"rendered":"\u00c7ek Cumhuriyeti Krizin Ba\u015flang\u0131c\u0131ndan \u0130tibaren Diyalog ve Siyasi \u00c7\u00f6z\u00fcm \u00c7a\u011fr\u0131s\u0131 Yap\u0131yor"},"content":{"rendered":"<p>PRAG \u2013 \u00c7ek Cumhuriyeti\u2019nin ba\u015fkenti Prag kentini ziyaret etmekte olan Meclis Ba\u015fkan\u0131 Yard\u0131mc\u0131s\u0131 Fehmi Hasan Ba\u015fkanl\u0131\u011f\u0131ndaki Halk Meclisi Heyeti d\u00fcn \u00c7ek Cumhuriyeti Senato Ba\u015fkan\u0131 Evo Barack ile bir araya gelerek Suriye&#8217;de ya\u015fanmakta olan durumlar\u0131 incelediler.<\/p>\n<p>Prag\u2019da SANA muhabirine bir a\u00e7\u0131klama yapan Hasan, \u00c7ek Cumhuriyetinin Suriye krizi ile ilgili tutumunun bir\u00e7ok Avrupa devletinden daha olumlu oldu\u011funa i\u015faret ederek Suriye&#8217;de krizin ba\u015flad\u0131\u011f\u0131 ilk g\u00fcnden beri \u00c7ek Cumhuriyetinin diyalog y\u00f6ntemi ile \u00e7\u00f6z\u00fcm \u00e7a\u011fr\u0131lar\u0131 yaparak Suriye&#8217;nin i\u00e7i\u015flerine y\u00f6nelik her t\u00fcrl\u00fc d\u0131\u015f m\u00fcdahaleyi ve ter\u00f6r\u00fcn desteklenmesin reddetti\u011fini belirtti.<\/p>\n<p>\u00c7ek Cumhuriyeti Senato \u00dcyesi ile yap\u0131lan toplant\u0131da Suriye&#8217;de ya\u015fanan olaylara ili\u015fkin bir anlat\u0131m sunan Hasan, Suudi Arabistan, T\u00fcrkiye ve di\u011fer kimi devletler taraf\u0131ndan Suriye&#8217;de desteklenen ter\u00f6r\u00fcn sadece Suriye&#8217;yi de\u011fil b\u00fct\u00fcn insanl\u0131\u011f\u0131 tehdit eden bir tehlike oldu\u011funun alt\u0131n\u0131 \u00e7izdi.<\/p>\n<p>Toplant\u0131 bitiminde gazetecilere bir a\u00e7\u0131klama yapan \u00c7ek Cumhuriyeti Senato \u00dcyesi Barck, toplant\u0131y\u0131 olumlu olarak nitelendirdi ve \u00c7ek Cumhuriyeti ve Avrupa Birli\u011finin Suriye&#8217;de istikrar\u0131n sa\u011flanmas\u0131na \u00f6nem verdi\u011fini aktard\u0131.<\/p>\n<p>Bilinece\u011fi \u00fczere \u00c7ek Cumhuriyeti Parlamentosundan gelen davet \u00fczerine, Halk Meclisi Heyeti \u00f6nceki g\u00fcn ak\u015fam \u00c7ek Cumhuriyetine bir ziyaret d\u00fczenledi. 4 g\u00fcn s\u00fcrecek ziyaret kapsam\u0131nda heyetin \u00c7ek Cumhuriyeti Senato \u00dcyeleri ve Ba\u015fkan\u0131, Parlamento Ba\u015fkan\u0131 Yard\u0131mc\u0131s\u0131 ve \u00c7ek Cumhuriyeti Cumhurba\u015fkanl\u0131\u011f\u0131 Uluslararas\u0131 \u0130\u015fler Daresi Ba\u015fkan\u0131 ile g\u00f6r\u00fc\u015fmelerde bulunmas\u0131 planlan\u0131yor.<\/p>\n<p>https:\/\/www.youtube.com\/watch?v=UKdfRyrhSAo<\/p>\n<p>F.B. &#8211; R.H.<\/p>\n","protected":false},"excerpt":{"rendered":"<p>PRAG \u2013 \u00c7ek Cumhuriyeti\u2019nin ba\u015fkenti Prag kentini ziyaret etmekte olan Meclis Ba\u015fkan\u0131 Yard\u0131mc\u0131s\u0131 Fehmi Hasan Ba\u015fkanl\u0131\u011f\u0131ndaki Halk Meclisi Heyeti d\u00fcn \u00c7ek Cumhuriyeti Senato Ba\u015fkan\u0131 Evo Barack ile bir araya gelerek Suriye&#8217;de ya\u015fanmakta olan durumlar\u0131 incelediler. Prag\u2019da SANA muhabirine bir a\u00e7\u0131klama yapan Hasan, \u00c7ek Cumhuriyetinin Suriye krizi ile ilgili tutumunun bir\u00e7ok Avrupa devletinden daha olumlu oldu\u011funa &hellip;<\/p>\n","protected":false},"author":1,"featured_media":39649,"comment_status":"closed","ping_status":"closed","sticky":false,"template":"","format":"standard","meta":{"footnotes":""},"categories":[458,459],"tags":[],"class_list":["post-39642","post","type-post","status-publish","format-standard","has-post-thumbnail","","category-dunya1","category-haberler-arap-uluslararasi-politika"],"_links":{"self":[{"href":"https:\/\/archive.sana.sy\/tr\/index.php?rest_route=\/wp\/v2\/posts\/39642","targetHints":{"allow":["GET"]}}],"collection":[{"href":"https:\/\/archive.sana.sy\/tr\/index.php?rest_route=\/wp\/v2\/posts"}],"about":[{"href":"https:\/\/archive.sana.sy\/tr\/index.php?rest_route=\/wp\/v2\/types\/post"}],"author":[{"embeddable":true,"href":"https:\/\/archive.sana.sy\/tr\/index.php?rest_route=\/wp\/v2\/users\/1"}],"replies":[{"embeddable":true,"href":"https:\/\/archive.sana.sy\/tr\/index.php?rest_route=%2Fwp%2Fv2%2Fcomments&post=39642"}],"version-history":[{"count":0,"href":"https:\/\/archive.sana.sy\/tr\/index.php?rest_route=\/wp\/v2\/posts\/39642\/revisions"}],"wp:featuredmedia":[{"embeddable":true,"href":"https:\/\/archive.sana.sy\/tr\/index.php?rest_route=\/wp\/v2\/media\/39649"}],"wp:attachment":[{"href":"https:\/\/archive.sana.sy\/tr\/index.php?rest_route=%2Fwp%2Fv2%2Fmedia&parent=39642"}],"wp:term":[{"taxonomy":"category","embeddable":true,"href":"https:\/\/archive.sana.sy\/tr\/index.php?rest_route=%2Fwp%2Fv2%2Fcategories&post=39642"},{"taxonomy":"post_tag","embeddable":true,"href":"https:\/\/archive.sana.sy\/tr\/index.php?rest_route=%2Fwp%2Fv2%2Ftags&post=39642"}],"curies":[{"name":"wp","href":"https:\/\/api.w.org\/{rel}","templated":true}]}}