{"id":39652,"date":"2015-07-09T10:21:34","date_gmt":"2015-07-09T07:21:34","guid":{"rendered":"http:\/\/sana.sy\/tr\/?p=39652"},"modified":"2015-07-09T10:28:26","modified_gmt":"2015-07-09T07:28:26","slug":"unicef-halep-kentinde-hasarli-binalarin-onarimina-basliyor","status":"publish","type":"post","link":"https:\/\/archive.sana.sy\/tr\/?p=39652","title":{"rendered":"UNICEF Halep Kentinde Hasarl\u0131 Binalar\u0131n Onar\u0131m\u0131na Ba\u015fl\u0131yor"},"content":{"rendered":"<p>HALEP \u2013 Halep Valisi Muhammed Mervan Ulebi, UNICEF\u2019in Halep Ofisi M\u00fcd\u00fcr\u00fc Ahmedo Abhah ile bir araya gelerek Halep kentinde ter\u00f6r ma\u011fduru ailelere alternatif konut olanaklar\u0131 sunmak amac\u0131yla ter\u00f6r sald\u0131r\u0131lar\u0131 s\u0131ras\u0131nda hasar g\u00f6ren binalar\u0131n onar\u0131m\u0131na ili\u015fkin icraatlar\u0131 inceledi.<\/p>\n<p>Valili\u011fin alternatif bir yerle\u015fim binas\u0131 haz\u0131rlamadan ma\u011fdur ailelerin yerle\u015fmi\u015f oldu\u011fu hi\u00e7bir binay\u0131 bo\u015faltmamaya \u00f6nem verdi\u011fini ifade eden Ulebi, Valilikte insani yard\u0131m alan\u0131nda harcanan \u00e7abalar\u0131n insani yard\u0131m \u00f6rg\u00fctleri ve sivil toplum \u00f6rg\u00fctlerinin de katk\u0131s\u0131yla b\u00fcy\u00fcd\u00fc\u011f\u00fcn\u00fc belirtti.<\/p>\n<p>UNICEF \u00d6rg\u00fct\u00fcn\u00fcn Cebriyn semtinde bulunan hasarl\u0131 binalar\u0131n onar\u0131m\u0131na h\u0131zla ba\u015flayaca\u011f\u0131na i\u015faret eden Ahmedo, konuyla ilgili izinlerin tamamland\u0131\u011f\u0131n\u0131 ve gerek valili\u011fin gerekse Suriye h\u00fck\u00fcmetinin sa\u011flad\u0131\u011f\u0131 kolayl\u0131klarla onar\u0131m \u00e7al\u0131\u015fmalar\u0131na kamu ve temel hizmet binalar\u0131ndan ba\u015flanaca\u011f\u0131n\u0131 belirtti.<\/p>\n<p>Halep Valili\u011fi ile koordinasyon i\u00e7erisinde s\u00fcrecek onar\u0131m \u00e7al\u0131\u015fmalar\u0131n\u0131n insani yard\u0131m kapsam\u0131nda geldi\u011fine dikkat \u00e7eken Ahmedo, UNICEF\u2019in Suriye&#8217;de insani yard\u0131m faaliyetlerini daha fazla aktifle\u015ftirmeyi planlad\u0131\u011f\u0131n\u0131 belirtti.<\/p>\n<p>Prag\u2019da SANA muhabirine bir a\u00e7\u0131klama yapan Hasan, \u00c7ek Cumhuriyetinin Suriye krizi ile ilgili tutumunun bir\u00e7ok Avrupa devletinden daha olumlu oldu\u011funa i\u015faret ederek Suriye&#8217;de krizin ba\u015flad\u0131\u011f\u0131 ilk g\u00fcnden beri \u00c7ek Cumhuriyetinin diyalog y\u00f6ntemi ile \u00e7\u00f6z\u00fcm \u00e7a\u011fr\u0131lar\u0131 yaparak Suriye&#8217;nin i\u00e7i\u015flerine y\u00f6nelik her t\u00fcrl\u00fc d\u0131\u015f m\u00fcdahaleyi ve ter\u00f6r\u00fcn desteklenmesin reddetti\u011fini belirtti.<\/p>\n<p>\u00c7ek Cumhuriyeti Senato \u00dcyesi ile yap\u0131lan toplant\u0131da Suriye&#8217;de ya\u015fanan olaylara ili\u015fkin bir anlat\u0131m sunan Hasan, Suudi Arabistan, T\u00fcrkiye ve di\u011fer kimi devletler taraf\u0131ndan Suriye&#8217;de desteklenen ter\u00f6r\u00fcn sadece Suriye&#8217;yi de\u011fil b\u00fct\u00fcn insanl\u0131\u011f\u0131 tehdit eden bir tehlike oldu\u011funun alt\u0131n\u0131 \u00e7izdi.<\/p>\n<p>Toplant\u0131 bitiminde gazetecilere bir a\u00e7\u0131klama yapan \u00c7ek Cumhuriyeti Senato \u00dcyesi Barck, toplant\u0131y\u0131 olumlu olarak nitelendirdi ve \u00c7ek Cumhuriyeti ve Avrupa Birli\u011finin Suriye&#8217;de istikrar\u0131n sa\u011flanmas\u0131na \u00f6nem verdi\u011fini aktard\u0131.<\/p>\n<p>Bilinece\u011fi \u00fczere \u00c7ek Cumhuriyeti Parlamentosundan gelen davet \u00fczerine, Halk Meclisi Heyeti \u00f6nceki g\u00fcn ak\u015fam \u00c7ek Cumhuriyetine bir ziyaret d\u00fczenledi. 4 g\u00fcn s\u00fcrecek ziyaret kapsam\u0131nda heyetin \u00c7ek Cumhuriyeti Senato \u00dcyeleri ve Ba\u015fkan\u0131, Parlamento Ba\u015fkan\u0131 Yard\u0131mc\u0131s\u0131 ve \u00c7ek Cumhuriyeti Cumhurba\u015fkanl\u0131\u011f\u0131 Uluslararas\u0131 \u0130\u015fler Daresi Ba\u015fkan\u0131 ile g\u00f6r\u00fc\u015fmelerde bulunmas\u0131 planlan\u0131yor.<\/p>\n<p>F.B. &#8211; R.H.<\/p>\n","protected":false},"excerpt":{"rendered":"<p>HALEP \u2013 Halep Valisi Muhammed Mervan Ulebi, UNICEF\u2019in Halep Ofisi M\u00fcd\u00fcr\u00fc Ahmedo Abhah ile bir araya gelerek Halep kentinde ter\u00f6r ma\u011fduru ailelere alternatif konut olanaklar\u0131 sunmak amac\u0131yla ter\u00f6r sald\u0131r\u0131lar\u0131 s\u0131ras\u0131nda hasar g\u00f6ren binalar\u0131n onar\u0131m\u0131na ili\u015fkin icraatlar\u0131 inceledi. Valili\u011fin alternatif bir yerle\u015fim binas\u0131 haz\u0131rlamadan ma\u011fdur ailelerin yerle\u015fmi\u015f oldu\u011fu hi\u00e7bir binay\u0131 bo\u015faltmamaya \u00f6nem verdi\u011fini ifade eden Ulebi, &hellip;<\/p>\n","protected":false},"author":1,"featured_media":39654,"comment_status":"closed","ping_status":"closed","sticky":false,"template":"","format":"standard","meta":{"footnotes":""},"categories":[1],"tags":[15736],"class_list":["post-39652","post","type-post","status-publish","format-standard","has-post-thumbnail","","category-news-not-sorted","tag-unicef-halep-kentinde-hasarli-binalarin-onarimina-basliyor-halep-halep-valisi-muhammed-mervan-ulebi"],"_links":{"self":[{"href":"https:\/\/archive.sana.sy\/tr\/index.php?rest_route=\/wp\/v2\/posts\/39652","targetHints":{"allow":["GET"]}}],"collection":[{"href":"https:\/\/archive.sana.sy\/tr\/index.php?rest_route=\/wp\/v2\/posts"}],"about":[{"href":"https:\/\/archive.sana.sy\/tr\/index.php?rest_route=\/wp\/v2\/types\/post"}],"author":[{"embeddable":true,"href":"https:\/\/archive.sana.sy\/tr\/index.php?rest_route=\/wp\/v2\/users\/1"}],"replies":[{"embeddable":true,"href":"https:\/\/archive.sana.sy\/tr\/index.php?rest_route=%2Fwp%2Fv2%2Fcomments&post=39652"}],"version-history":[{"count":0,"href":"https:\/\/archive.sana.sy\/tr\/index.php?rest_route=\/wp\/v2\/posts\/39652\/revisions"}],"wp:featuredmedia":[{"embeddable":true,"href":"https:\/\/archive.sana.sy\/tr\/index.php?rest_route=\/wp\/v2\/media\/39654"}],"wp:attachment":[{"href":"https:\/\/archive.sana.sy\/tr\/index.php?rest_route=%2Fwp%2Fv2%2Fmedia&parent=39652"}],"wp:term":[{"taxonomy":"category","embeddable":true,"href":"https:\/\/archive.sana.sy\/tr\/index.php?rest_route=%2Fwp%2Fv2%2Fcategories&post=39652"},{"taxonomy":"post_tag","embeddable":true,"href":"https:\/\/archive.sana.sy\/tr\/index.php?rest_route=%2Fwp%2Fv2%2Ftags&post=39652"}],"curies":[{"name":"wp","href":"https:\/\/api.w.org\/{rel}","templated":true}]}}