{"id":39854,"date":"2015-07-10T16:04:00","date_gmt":"2015-07-10T13:04:00","guid":{"rendered":"http:\/\/www.sana.sy\/tr\/?p=39854"},"modified":"2015-07-11T16:05:10","modified_gmt":"2015-07-11T13:05:10","slug":"isid-konusunda-tutumunu-belirlemesi-icin-turkiyeye-baski-yapilmalidir","status":"publish","type":"post","link":"https:\/\/archive.sana.sy\/tr\/?p=39854","title":{"rendered":"I\u015e\u0130D Konusunda Tutumunu Belirlemesi \u0130\u00e7in T\u00fcrkiye&#8217;ye Bask\u0131 Yap\u0131lmal\u0131d\u0131r"},"content":{"rendered":"<p>PRAG \u2013 \u00c7ek Ba\u015fkanl\u0131k Saray\u0131nda Uluslararas\u0131 B\u00f6l\u00fcm Ba\u015fkan\u0131 Hynek Kmon\u00ed\u010dek Suriye&#8217;de ya\u015fananlar\u0131n halk sava\u015f\u0131 de\u011fil de, vekaletle y\u00fcr\u00fct\u00fclen bir sava\u015f oldu\u011funu ifade ederken, bunun da \u00e7\u00f6z\u00fcm\u00fc karma\u015f\u0131k hale getirdi\u011fini belirtti.<\/p>\n<p>Halk Meclisi ba\u015fkan yard\u0131mc\u0131s\u0131 Hasan Fehmi\u2019nin ba\u015fkanl\u0131\u011f\u0131nda \u00c7ek Cumhuriyetine i\u015f gezisinde bulunan meclis heyetiyle bir araya geli\u015finde Kmon\u00ed\u010dek; I\u015e\u0130D\u2019e kar\u015f\u0131 koymada uluslar aras\u0131 t\u00fcm \u00e7abalar\u0131n birle\u015ftirilmesi gere\u011fini vurgulad\u0131. Kmon\u00ed\u010dek ter\u00f6rle m\u00fccadelede sadece askeri y\u00f6ntemlere de\u011fil de y\u0131k\u0131c\u0131 ve radikal ideolojilere de kar\u015f\u0131 koyulmas\u0131 \u00f6nemine dikkat \u00e7ekti.<\/p>\n<p>I\u015e\u0130D\u2019in sadece Ortado\u011fu\u2019ya de\u011fil ayn\u0131 zamanda t\u00fcm Avrupa ve hatta t\u00fcm d\u00fcnyaya tehlike olu\u015fturdu\u011funa dikkat \u00e7eken Kmon\u00ed\u010dek; bu \u00f6rg\u00fct\u00fcn Ortado\u011fu ve Avrupa\u2019y\u0131 as\u0131rlar \u00f6ncesine d\u00f6nd\u00fcrmeyi ama\u00e7lad\u0131\u011f\u0131n\u0131 ifade etti.<\/p>\n<p>Kmon\u00ed\u010dek \u00c7ek ba\u015fkan\u0131n\u0131n BM genel kurulu toplant\u0131s\u0131nda t\u00fcm d\u00fcnyay\u0131 I\u015e\u0130D\u2019e kar\u015f\u0131 m\u00fccadeleye \u00e7a\u011f\u0131raca\u011f\u0131n\u0131 ifade ederken; NATO\u2019da \u00fcye bir devletin y\u00fcksek sesle b\u00f6yle bir \u00e7a\u011fr\u0131da bulunmas\u0131n\u0131n \u00f6nemine i\u015faret etti.<\/p>\n<p>Kmon\u00ed\u010dek I\u015e\u0130D konusunda fiili bir \u015fekilde tutumlar\u0131n\u0131 belirlemesi konusunda T\u00fcrkiye&#8217;ye bask\u0131 yap\u0131lmas\u0131 gere\u011finin alt\u0131n\u0131 \u00e7izdi. \u00c7ek Cumhuriyetinin T\u00fcrkiye ile NATO\u2019da birlikte olmas\u0131yla T\u00fcrkiye&#8217;nin Suriye&#8217;deki krizdeki rol\u00fc konusunda iki taraf aras\u0131nda \u00f6nemli bir diyalog bulundu\u011funu ifade eden Kmon\u00ed\u010dek; fakat bunun aleni olmad\u0131\u011f\u0131n\u0131 s\u00f6yledi.<\/p>\n<p>A.A. &#8211; M.M.<\/p>\n","protected":false},"excerpt":{"rendered":"<p>PRAG \u2013 \u00c7ek Ba\u015fkanl\u0131k Saray\u0131nda Uluslararas\u0131 B\u00f6l\u00fcm Ba\u015fkan\u0131 Hynek Kmon\u00ed\u010dek Suriye&#8217;de ya\u015fananlar\u0131n halk sava\u015f\u0131 de\u011fil de, vekaletle y\u00fcr\u00fct\u00fclen bir sava\u015f oldu\u011funu ifade ederken, bunun da \u00e7\u00f6z\u00fcm\u00fc karma\u015f\u0131k hale getirdi\u011fini belirtti. Halk Meclisi ba\u015fkan yard\u0131mc\u0131s\u0131 Hasan Fehmi\u2019nin ba\u015fkanl\u0131\u011f\u0131nda \u00c7ek Cumhuriyetine i\u015f gezisinde bulunan meclis heyetiyle bir araya geli\u015finde Kmon\u00ed\u010dek; I\u015e\u0130D\u2019e kar\u015f\u0131 koymada uluslar aras\u0131 t\u00fcm \u00e7abalar\u0131n &hellip;<\/p>\n","protected":false},"author":1,"featured_media":39856,"comment_status":"closed","ping_status":"closed","sticky":false,"template":"","format":"standard","meta":{"footnotes":""},"categories":[458,459,2554,2555],"tags":[15755],"class_list":["post-39854","post","type-post","status-publish","format-standard","has-post-thumbnail","","category-dunya1","category-haberler-arap-uluslararasi-politika","category-suriye-ve-dunya","category-suriye-ve-turkiye","tag-isid-konusunda-tutumunu-belirlemesi-icin-turkiyeye-baski-yapilmalidir"],"_links":{"self":[{"href":"https:\/\/archive.sana.sy\/tr\/index.php?rest_route=\/wp\/v2\/posts\/39854","targetHints":{"allow":["GET"]}}],"collection":[{"href":"https:\/\/archive.sana.sy\/tr\/index.php?rest_route=\/wp\/v2\/posts"}],"about":[{"href":"https:\/\/archive.sana.sy\/tr\/index.php?rest_route=\/wp\/v2\/types\/post"}],"author":[{"embeddable":true,"href":"https:\/\/archive.sana.sy\/tr\/index.php?rest_route=\/wp\/v2\/users\/1"}],"replies":[{"embeddable":true,"href":"https:\/\/archive.sana.sy\/tr\/index.php?rest_route=%2Fwp%2Fv2%2Fcomments&post=39854"}],"version-history":[{"count":0,"href":"https:\/\/archive.sana.sy\/tr\/index.php?rest_route=\/wp\/v2\/posts\/39854\/revisions"}],"wp:featuredmedia":[{"embeddable":true,"href":"https:\/\/archive.sana.sy\/tr\/index.php?rest_route=\/wp\/v2\/media\/39856"}],"wp:attachment":[{"href":"https:\/\/archive.sana.sy\/tr\/index.php?rest_route=%2Fwp%2Fv2%2Fmedia&parent=39854"}],"wp:term":[{"taxonomy":"category","embeddable":true,"href":"https:\/\/archive.sana.sy\/tr\/index.php?rest_route=%2Fwp%2Fv2%2Fcategories&post=39854"},{"taxonomy":"post_tag","embeddable":true,"href":"https:\/\/archive.sana.sy\/tr\/index.php?rest_route=%2Fwp%2Fv2%2Ftags&post=39854"}],"curies":[{"name":"wp","href":"https:\/\/api.w.org\/{rel}","templated":true}]}}