{"id":3988,"date":"2014-06-26T12:17:46","date_gmt":"2014-06-26T09:17:46","guid":{"rendered":"http:\/\/www.sana.sy\/tr\/?p=3988"},"modified":"2018-08-11T13:43:18","modified_gmt":"2018-08-11T10:43:18","slug":"teroristler-elektrik-santralini-roketlerle-hedef-aldilar","status":"publish","type":"post","link":"https:\/\/archive.sana.sy\/tr\/?p=3988","title":{"rendered":"Ter\u00f6ristler Elektrik Santralini Roketlerle Hedef Ald\u0131lar"},"content":{"rendered":"<p>\u015eAM \u2013 Elektrik Bakan\u0131 \u0130mad Hamis silahl\u0131 ter\u00f6r gruplar\u0131n\u0131n \u00f6nceki g\u00fcn ak\u015fam saatlerinde Hama K\u0131rsal\u0131nda bulunan Mehrada Elektrik Santraline roket sald\u0131r\u0131s\u0131 d\u00fczenlediklerini ifade ederek sald\u0131r\u0131n\u0131n santralde yang\u0131n \u00e7\u0131kmas\u0131na neden oldu\u011funu belirtti.<\/p>\n<p>Konuyla ilgili SANA\u2019ya a\u00e7\u0131klama yapan Hamis; sald\u0131r\u0131 sonucu meydana gelen yang\u0131n nedeniyle santralin hizmet d\u0131\u015f\u0131 kald\u0131\u011f\u0131na i\u015faret ederek itfaiye ekiplerinin yak\u0131t depolar\u0131nda meydana gelen yang\u0131na h\u0131zla m\u00fcdahale ettiklerini aktard\u0131.<\/p>\n","protected":false},"excerpt":{"rendered":"<p>\u015eAM \u2013 Elektrik Bakan\u0131 \u0130mad Hamis silahl\u0131 ter\u00f6r gruplar\u0131n\u0131n \u00f6nceki g\u00fcn ak\u015fam saatlerinde Hama K\u0131rsal\u0131nda bulunan Mehrada Elektrik Santraline roket sald\u0131r\u0131s\u0131 d\u00fczenlediklerini ifade ederek sald\u0131r\u0131n\u0131n santralde yang\u0131n \u00e7\u0131kmas\u0131na neden oldu\u011funu belirtti. Konuyla ilgili SANA\u2019ya a\u00e7\u0131klama yapan Hamis; sald\u0131r\u0131 sonucu meydana gelen yang\u0131n nedeniyle santralin hizmet d\u0131\u015f\u0131 kald\u0131\u011f\u0131na i\u015faret ederek itfaiye ekiplerinin yak\u0131t depolar\u0131nda meydana gelen &hellip;<\/p>\n","protected":false},"author":1,"featured_media":157217,"comment_status":"closed","ping_status":"closed","sticky":false,"template":"","format":"standard","meta":{"footnotes":""},"categories":[479,575,478],"tags":[861],"class_list":["post-3988","post","type-post","status-publish","format-standard","has-post-thumbnail","","category-haberler-yerel","category-olaylar-ve-gercekler","category-yerel","tag-teroristler-elektrik-santralini-roketlerle-hedef-aldilar"],"_links":{"self":[{"href":"https:\/\/archive.sana.sy\/tr\/index.php?rest_route=\/wp\/v2\/posts\/3988","targetHints":{"allow":["GET"]}}],"collection":[{"href":"https:\/\/archive.sana.sy\/tr\/index.php?rest_route=\/wp\/v2\/posts"}],"about":[{"href":"https:\/\/archive.sana.sy\/tr\/index.php?rest_route=\/wp\/v2\/types\/post"}],"author":[{"embeddable":true,"href":"https:\/\/archive.sana.sy\/tr\/index.php?rest_route=\/wp\/v2\/users\/1"}],"replies":[{"embeddable":true,"href":"https:\/\/archive.sana.sy\/tr\/index.php?rest_route=%2Fwp%2Fv2%2Fcomments&post=3988"}],"version-history":[{"count":0,"href":"https:\/\/archive.sana.sy\/tr\/index.php?rest_route=\/wp\/v2\/posts\/3988\/revisions"}],"wp:featuredmedia":[{"embeddable":true,"href":"https:\/\/archive.sana.sy\/tr\/index.php?rest_route=\/wp\/v2\/media\/157217"}],"wp:attachment":[{"href":"https:\/\/archive.sana.sy\/tr\/index.php?rest_route=%2Fwp%2Fv2%2Fmedia&parent=3988"}],"wp:term":[{"taxonomy":"category","embeddable":true,"href":"https:\/\/archive.sana.sy\/tr\/index.php?rest_route=%2Fwp%2Fv2%2Fcategories&post=3988"},{"taxonomy":"post_tag","embeddable":true,"href":"https:\/\/archive.sana.sy\/tr\/index.php?rest_route=%2Fwp%2Fv2%2Ftags&post=3988"}],"curies":[{"name":"wp","href":"https:\/\/api.w.org\/{rel}","templated":true}]}}